{"id":238981,"date":"2023-07-30T07:17:40","date_gmt":"2023-07-30T07:17:40","guid":{"rendered":"https:\/\/www.schoenes-leben.org\/magazin\/?p=238981"},"modified":"2025-10-28T15:01:11","modified_gmt":"2025-10-28T15:01:11","slug":"wohnmodelle-im-alter-tipps-und-empfehlungen-fuer-die-ideale-wohnsitutation","status":"publish","type":"post","link":"https:\/\/www.schoenes-leben.org\/magazin\/lebensraum\/wohnmodelle-im-alter-tipps-und-empfehlungen-fuer-die-ideale-wohnsitutation\/","title":{"rendered":"Wohnmodelle im Alter: Tipps und Empfehlungen"},"content":{"rendered":"<p>[et_pb_section fb_built=&#8220;1&#8243; custom_padding_last_edited=&#8220;on|phone&#8220; _builder_version=&#8220;4.21.0&#8243; _module_preset=&#8220;default&#8220; custom_padding_tablet=&#8220;&#8220; custom_padding_phone=&#8220;0px||||false|false&#8220; global_colors_info=&#8220;{}&#8220;][et_pb_row _builder_version=&#8220;4.21.0&#8243; _module_preset=&#8220;default&#8220; width_tablet=&#8220;&#8220; width_phone=&#8220;95%&#8220; width_last_edited=&#8220;on|phone&#8220; custom_margin=&#8220;0px||0px||false|false&#8220; custom_padding=&#8220;10px||10px||false|false&#8220; global_colors_info=&#8220;{}&#8220;][et_pb_column type=&#8220;4_4&#8243; _builder_version=&#8220;4.21.0&#8243; _module_preset=&#8220;default&#8220; global_colors_info=&#8220;{}&#8220;][lwp_divi_breadcrumbs home_text=&#8220;Magazin&#8220; before_text=&#8220;Sie sind hier: &#8220; use_before_icon=&#8220;off&#8220; link_color=&#8220;#B99764&#8243; separator_color=&#8220;#000000&#8243; current_text_color=&#8220;#B99764&#8243; _builder_version=&#8220;4.21.2&#8243; _module_preset=&#8220;default&#8220; module_font=&#8220;||||||||&#8220; module_text_align=&#8220;center&#8220; module_text_color=&#8220;#000000&#8243; module_font_size=&#8220;13px&#8220; text_orientation=&#8220;center&#8220; module_alignment=&#8220;center&#8220; global_colors_info=&#8220;{}&#8220;][\/lwp_divi_breadcrumbs][\/et_pb_column][\/et_pb_row][et_pb_row _builder_version=&#8220;4.21.0&#8243; _module_preset=&#8220;default&#8220; width_tablet=&#8220;&#8220; width_phone=&#8220;95%&#8220; width_last_edited=&#8220;on|phone&#8220; max_width_tablet=&#8220;&#8220; max_width_phone=&#8220;95%&#8220; max_width_last_edited=&#8220;on|phone&#8220; global_colors_info=&#8220;{}&#8220;][et_pb_column type=&#8220;4_4&#8243; _builder_version=&#8220;4.21.0&#8243; _module_preset=&#8220;default&#8220; global_colors_info=&#8220;{}&#8220;][et_pb_text _builder_version=&#8220;4.21.2&#8243; _module_preset=&#8220;default&#8220; text_font=&#8220;Ueberschrift|||on|||||&#8220; text_text_color=&#8220;#B99764&#8243; text_font_size=&#8220;100px&#8220; text_line_height=&#8220;1.1em&#8220; header_font=&#8220;|||on|||||&#8220; header_text_color=&#8220;#B99764&#8243; header_font_size=&#8220;100px&#8220; header_line_height=&#8220;1.1em&#8220; text_orientation=&#8220;center&#8220; max_width=&#8220;94%&#8220; module_alignment=&#8220;center&#8220; text_font_size_tablet=&#8220;75px&#8220; text_font_size_phone=&#8220;35px&#8220; text_font_size_last_edited=&#8220;on|phone&#8220; text_line_height_tablet=&#8220;1.1em&#8220; text_line_height_phone=&#8220;1.3em&#8220; text_line_height_last_edited=&#8220;on|phone&#8220; header_font_size_tablet=&#8220;75px&#8220; header_font_size_phone=&#8220;45px&#8220; header_font_size_last_edited=&#8220;on|phone&#8220; global_colors_info=&#8220;{}&#8220;]<\/p>\n<h1>Wohnmodelle im Alter<\/h1>\n<p>[\/et_pb_text][et_pb_text _builder_version=&#8220;4.21.2&#8243; _module_preset=&#8220;default&#8220; text_font=&#8220;||||||||&#8220; text_text_color=&#8220;#B99764&#8243; text_font_size=&#8220;52px&#8220; text_line_height=&#8220;1.1em&#8220; header_2_text_color=&#8220;#B99764&#8243; header_2_font_size=&#8220;53px&#8220; header_2_line_height=&#8220;1.1em&#8220; text_orientation=&#8220;center&#8220; max_width=&#8220;91%&#8220; module_alignment=&#8220;center&#8220; text_font_size_tablet=&#8220;35px&#8220; text_font_size_phone=&#8220;24px&#8220; text_font_size_last_edited=&#8220;on|desktop&#8220; text_line_height_tablet=&#8220;1.1em&#8220; text_line_height_phone=&#8220;1.3em&#8220; text_line_height_last_edited=&#8220;on|phone&#8220; header_2_font_size_tablet=&#8220;53px&#8220; header_2_font_size_phone=&#8220;29px&#8220; header_2_font_size_last_edited=&#8220;on|tablet&#8220; global_colors_info=&#8220;{}&#8220;]<\/p>\n<h2>Tipps und Empfehlungen f\u00fcr die ideale Wohnsituation<\/h2>\n<p>[\/et_pb_text][et_pb_text _builder_version=&#8220;4.27.4&#8243; _module_preset=&#8220;default&#8220; text_font=&#8220;Unterueberschrift|||on|||||&#8220; text_text_color=&#8220;#000000&#8243; text_font_size=&#8220;13px&#8220; text_line_height=&#8220;1.3em&#8220; header_5_font_size=&#8220;17px&#8220; header_5_line_height=&#8220;1.2em&#8220; text_orientation=&#8220;center&#8220; max_width_tablet=&#8220;&#8220; max_width_phone=&#8220;70%&#8220; max_width_last_edited=&#8220;on|phone&#8220; module_alignment=&#8220;center&#8220; link_option_url=&#8220;#author-box&#8220; hover_enabled=&#8220;0&#8243; text_font_size_tablet=&#8220;13px&#8220; text_font_size_phone=&#8220;11px&#8220; text_font_size_last_edited=&#8220;on|phone&#8220; global_colors_info=&#8220;{}&#8220; sticky_enabled=&#8220;0&#8243;]<\/p>\n<h5>Verfasst von <strong>einem passionierten Schreiber<\/strong><\/h5>\n<h5><strong>\u00a0<\/strong><\/h5>\n<p>[\/et_pb_text][\/et_pb_column][\/et_pb_row][et_pb_row module_id=&#8220;was-braucht-man-fuer-yoga&#8220; _builder_version=&#8220;4.21.0&#8243; _module_preset=&#8220;default&#8220; width_tablet=&#8220;&#8220; width_phone=&#8220;95%&#8220; width_last_edited=&#8220;on|phone&#8220; max_width=&#8220;942px&#8220; global_colors_info=&#8220;{}&#8220;][et_pb_column type=&#8220;4_4&#8243; _builder_version=&#8220;4.21.0&#8243; _module_preset=&#8220;default&#8220; global_colors_info=&#8220;{}&#8220;][et_pb_text _builder_version=&#8220;4.27.2&#8243; _module_preset=&#8220;default&#8220; text_font=&#8220;Flietext||||||||&#8220; text_text_color=&#8220;#000000&#8243; global_colors_info=&#8220;{}&#8220;]<\/p>\n<p>Den idealen Wohnplatz im Alter zu finden, der sowohl den Bed\u00fcrfnissen nach Selbstst\u00e4ndigkeit als auch nach Unterst\u00fctzung gerecht wird, kann eine herausfordernde Aufgabe sein. Die Wahl der richtigen Wohnform ist entscheidend, um eine angenehme und passende Wohnsituation im Alter zu schaffen. Von den verschiedenen Wohnformen bis hin zu wichtigen Faktoren bei der Entscheidungsfindung &#8211; hier erfahren Sie, worauf Sie achten sollten, um die Wohnform zu finden, die zu Ihnen passt.<\/p>\n<p>[\/et_pb_text][\/et_pb_column][\/et_pb_row][et_pb_row _builder_version=&#8220;4.21.0&#8243; _module_preset=&#8220;default&#8220; width_tablet=&#8220;&#8220; width_phone=&#8220;95%&#8220; width_last_edited=&#8220;on|phone&#8220; max_width=&#8220;942px&#8220; global_colors_info=&#8220;{}&#8220;][et_pb_column type=&#8220;4_4&#8243; _builder_version=&#8220;4.21.0&#8243; _module_preset=&#8220;default&#8220; global_colors_info=&#8220;{}&#8220;][et_pb_text _builder_version=&#8220;4.21.2&#8243; _module_preset=&#8220;default&#8220; text_font=&#8220;Flietext Fett||||||||&#8220; text_text_color=&#8220;#000000&#8243; custom_margin=&#8220;0px|0px|0px|0px|false|false&#8220; custom_padding=&#8220;0px|0px|0px|0px|false|false&#8220; global_colors_info=&#8220;{}&#8220;]<\/p>\n<h4>In diesem Beitrag:<\/h4>\n<p>[\/et_pb_text][et_pb_text _builder_version=&#8220;4.21.2&#8243; _module_preset=&#8220;default&#8220; text_font=&#8220;||||||||&#8220; text_text_color=&#8220;#B99764&#8243; header_4_text_color=&#8220;#B99764&#8243; header_4_font_size=&#8220;17px&#8220; header_4_line_height=&#8220;1.3em&#8220; custom_margin=&#8220;0px|0px|0px|0px|false|false&#8220; custom_padding=&#8220;0px|0px|0px|0px|false|false&#8220; link_option_url=&#8220;#anker1&#8243; global_colors_info=&#8220;{}&#8220;]<\/p>\n<h4>\u2022 Wohnformen im \u00dcberblick: Eine Vielfalt an M\u00f6glichkeiten<\/h4>\n<p>[\/et_pb_text][et_pb_text _builder_version=&#8220;4.21.2&#8243; _module_preset=&#8220;default&#8220; text_font=&#8220;||||||||&#8220; text_text_color=&#8220;#B99764&#8243; header_4_text_color=&#8220;#B99764&#8243; header_4_font_size=&#8220;17px&#8220; header_4_line_height=&#8220;1.3em&#8220; custom_margin=&#8220;0px|0px|0px|0px|false|false&#8220; custom_padding=&#8220;0px|0px|0px|0px|false|false&#8220; link_option_url=&#8220;#anker2&#8243; global_colors_info=&#8220;{}&#8220;]<\/p>\n<h4>\u2022 Tipps zur Auswahl der idealen Wohnsituation<\/h4>\n<p>[\/et_pb_text][\/et_pb_column][\/et_pb_row][et_pb_row module_id=&#8220;anker1&#8243; _builder_version=&#8220;4.21.0&#8243; _module_preset=&#8220;default&#8220; width_tablet=&#8220;&#8220; width_phone=&#8220;95%&#8220; width_last_edited=&#8220;on|phone&#8220; max_width=&#8220;942px&#8220; global_colors_info=&#8220;{}&#8220;][et_pb_column type=&#8220;4_4&#8243; _builder_version=&#8220;4.21.0&#8243; _module_preset=&#8220;default&#8220; global_colors_info=&#8220;{}&#8220;][et_pb_text _builder_version=&#8220;4.21.2&#8243; _module_preset=&#8220;default&#8220; text_font=&#8220;||||||||&#8220; text_text_color=&#8220;#000000&#8243; text_font_size=&#8220;43px&#8220; text_line_height=&#8220;1.3em&#8220; header_2_font_size=&#8220;35px&#8220; header_2_line_height=&#8220;1.3em&#8220; custom_margin=&#8220;||10px||false|false&#8220; header_2_font_size_tablet=&#8220;35px&#8220; header_2_font_size_phone=&#8220;35px&#8220; header_2_font_size_last_edited=&#8220;on|phone&#8220; global_colors_info=&#8220;{}&#8220;]<\/p>\n<h2>Wohnformen im Alter \u00dcberblick: Eine Vielfalt an M\u00f6glichkeiten<\/h2>\n<p>[\/et_pb_text][et_pb_text _builder_version=&#8220;4.27.2&#8243; _module_preset=&#8220;default&#8220; text_font=&#8220;||||||||&#8220; text_text_color=&#8220;#000000&#8243; global_colors_info=&#8220;{}&#8220;]<\/p>\n<p>Um den individuellen Bed\u00fcrfnissen \u00e4lterer Menschen gerecht zu werden, haben sich im Laufe der Jahre verschiedene Wohnformen entwickelt. Die Vielfalt reicht von gemeinschaftlichen Wohnkonzepten bis hin zu umfassenden Pflegeeinrichtungen, sodass Menschen im Alter die M\u00f6glichkeit haben, eine Wohnform zu w\u00e4hlen, die perfekt zu ihrem Lebensstil passt.<\/p>\n<p>&nbsp;<\/p>\n<ul>\n<li><strong>Betreutes Wohnen:<br \/><\/strong>Betreutes Wohnen ist f\u00fcr Singles oder f\u00fcr Paare mit und ohne <a href=\"https:\/\/www.schoenes-leben.org\/magazin\/vitalitaet\/pflegegrade-und-pflegeleistungen\/\" title=\"Pflegegrad\">Pflegegrad<\/a> geeignet, die selbstst\u00e4ndig in ihrer eigenen, <a href=\"https:\/\/www.schoenes-leben.org\/magazin\/lebensraum\/barrierefrei-wohnen-im-alter\/\" title=\"barrierefreien Wohnung\">barrierefreien Wohnung<\/a> leben m\u00f6chten, jedoch Services, Dienstleistungen und Unterst\u00fctzung im Bedarfsfall gerne in Anspruch nehmen. Hierzu z\u00e4hlen beispielsweise Serviceleistungen wie Mahlzeiten, Hausmeisterdienste oder soziale Aktivit\u00e4ten.<\/li>\n<\/ul>\n<p>[\/et_pb_text][\/et_pb_column][\/et_pb_row][et_pb_row _builder_version=&#8220;4.21.0&#8243; _module_preset=&#8220;default&#8220; width_tablet=&#8220;&#8220; width_phone=&#8220;95%&#8220; width_last_edited=&#8220;on|phone&#8220; max_width=&#8220;942px&#8220; global_colors_info=&#8220;{}&#8220;][et_pb_column type=&#8220;4_4&#8243; _builder_version=&#8220;4.21.0&#8243; _module_preset=&#8220;default&#8220; global_colors_info=&#8220;{}&#8220;][et_pb_image src=&#8220;https:\/\/www.schoenes-leben.org\/magazin\/wp-content\/uploads\/2023\/07\/Wohnmodelle-im-Alter.jpg&#8220; title_text=&#8220;Wohnmodelle im Alter&#8220; show_in_lightbox=&#8220;on&#8220; _builder_version=&#8220;4.21.0&#8243; _module_preset=&#8220;default&#8220; custom_margin=&#8220;||7px||false|false&#8220; global_colors_info=&#8220;{}&#8220;][\/et_pb_image][et_pb_text _builder_version=&#8220;4.21.0&#8243; _module_preset=&#8220;default&#8220; text_font=&#8220;Flietext||||||||&#8220; text_text_color=&#8220;#000000&#8243; text_font_size=&#8220;13px&#8220; text_line_height=&#8220;1.6em&#8220; custom_margin=&#8220;10px|0px|0px|0px|false|false&#8220; custom_padding=&#8220;0px|0px|0px|0px|false|false&#8220; global_colors_info=&#8220;{}&#8220;]<\/p>\n<p>\u00bbDas Exklusive Service-Wohnen ist f\u00fcr uns ein echtes Zuhause. Hier f\u00fchlen wir uns sicher und rundum wohl. \u00ab Familie Holthoff<\/p>\n<p>[\/et_pb_text][\/et_pb_column][\/et_pb_row][et_pb_row module_id=&#8220;was-braucht-man-fuer-yoga&#8220; _builder_version=&#8220;4.21.0&#8243; _module_preset=&#8220;default&#8220; width_tablet=&#8220;&#8220; width_phone=&#8220;95%&#8220; width_last_edited=&#8220;on|phone&#8220; max_width=&#8220;942px&#8220; global_colors_info=&#8220;{}&#8220;][et_pb_column type=&#8220;4_4&#8243; _builder_version=&#8220;4.21.0&#8243; _module_preset=&#8220;default&#8220; global_colors_info=&#8220;{}&#8220;][et_pb_text _builder_version=&#8220;4.27.2&#8243; _module_preset=&#8220;default&#8220; text_font=&#8220;||||||||&#8220; text_text_color=&#8220;#000000&#8243; global_colors_info=&#8220;{}&#8220;]<\/p>\n<ul>\n<li><strong>Exklusives Service-Wohnen:<\/strong><br \/>Das <a href=\"https:\/\/www.schoenes-leben.org\/wohnen\/\" title=\"Exklusive Service-Wohnen\">Exklusive Service-Wohnen<\/a> ist eine hochwertige Variante des betreuten Wohnens. Hier stehen Annehmlichkeiten und Komfort im Vordergrund. Die Bewohner k\u00f6nnen aus einem umfangreichen Serviceangebot mit Hotelcharakter w\u00e4hlen und ihren Alltag nach individuellen W\u00fcnschen gestalten. Dazu geh\u00f6rt ein regelm\u00e4\u00dfiges durchdachtes Veranstaltungsprogramm f\u00fcr Kunst, Kultur, Kulinarik, Gesundheit und Geselligkeit. Dar\u00fcber hinaus steht im Bedarfsfall eine Ambulante Pflege und Tagespflege rund um die Uhr zur Verf\u00fcgung. Die hochwertige Ausstattung der Residenzen, die professionellen Serviceleistungen und die herzliche Gemeinschaft machen das Exklusive Service-Wohnen zu einer attraktiven Wohnform f\u00fcr Menschen, die Komfort und ein stilvolles Wohnambiente sch\u00e4tzen. Der Anbieter <a href=\"https:\/\/www.schoenes-leben.org\/\">SCH\u00d6NES LEBEN Gruppe<\/a> ist hier Vorreiter und Nummer 1 im Markt.<\/li>\n<\/ul>\n<ul>\n<li><strong>Seniorenwohngemeinschaften:<br \/><\/strong>Seniorenwohngemeinschaften sind eine besondere Form des gemeinschaftlichen Wohnens im Alter. Hier leben \u00e4ltere Menschen in einer Wohngemeinschaft auf Gemeinschaftsfl\u00e4chen zusammen, wahren jedoch zus\u00e4tzlich ihre Privatsph\u00e4re in eigenen Wohnr\u00e4umen. Das starke Geselligkeitsgef\u00fchl f\u00f6rdert den Austausch und die Unterst\u00fctzung unter den Bewohnern. Gemeinsame Aktivit\u00e4ten und geteilte Verantwortlichkeiten st\u00e4rken das Zusammengeh\u00f6rigkeitsgef\u00fchl. Hier einen Einblick in unsere <a href=\"https:\/\/www.schoenes-leben.org\/pflege\/wohngemeinschaft\/\" title=\"Premium Pflegewohngemeinschaft\">Premium Pflegewohngemeinschaft<\/a>.\u00a0<\/li>\n<\/ul>\n<ul>\n<li><strong>Pflegeheim:<\/strong><br \/>F\u00fcr Menschen mit mittleren bis hohen Pflegegrad oder Notwendigkeit nach umfassender Unterst\u00fctzung und Betreuung im Alltag, steht das klassische Pflegeheim zur Verf\u00fcgung. Ein Pflegeheim zeichnet sich durch feste Tagesstrukturen aus. Die Essenszeiten, die von professionellem Pflegepersonal durchgef\u00fchrte Umsorgung, die vielf\u00e4ltigen Aktivit\u00e4ten zur Aktivierung vor Ort sowie Ausfl\u00fcge in die n\u00e4here Umgebung sind festgeschrieben. Menschen, die einen festen Tagesablauf lieben und die pflegerische Sicherheit brauchen, sind hier genau richtig.<br \/>Die Firma compassio Lebensr\u00e4ume &amp; Pflege gilt als renommierter Experte in der Seniorenpflege und betreibt deutschlandweit qualitativ hochwertige Pflegeheime. Die modernen Einrichtungen zeichnen sich durch qualitativ hochwertige Pflegeleistungen und ein respektvolles Miteinander aus. Auch die SCH\u00d6NES LEBEN Gruppe bietet vielseitige <a href=\"https:\/\/www.schoenes-leben.org\/pflege\/\" title=\"Pflege- und Betreuungsservices\">Pflege- und Betreuungsservices<\/a> an.<\/li>\n<\/ul>\n<p>[\/et_pb_text][\/et_pb_column][\/et_pb_row][et_pb_row _builder_version=&#8220;4.27.4&#8243; _module_preset=&#8220;default&#8220; custom_padding=&#8220;||90px||false|false&#8220; global_colors_info=&#8220;{}&#8220;][et_pb_column type=&#8220;4_4&#8243; _builder_version=&#8220;4.27.4&#8243; _module_preset=&#8220;default&#8220; global_colors_info=&#8220;{}&#8220;][et_pb_slider show_content_on_mobile=&#8220;off&#8220; use_bg_overlay=&#8220;on&#8220; use_text_overlay=&#8220;off&#8220; _builder_version=&#8220;4.27.4&#8243; _module_preset=&#8220;default&#8220; background_image=&#8220;https:\/\/www.schoenes-leben.org\/magazin\/wp-content\/uploads\/2025\/10\/gladbeck-clubraum-sessel.webp&#8220; auto=&#8220;on&#8220; auto_speed=&#8220;5000&#8243; hover_transition_duration=&#8220;50ms&#8220; hover_transition_speed_curve=&#8220;ease-in-out&#8220; scroll_fade_enable=&#8220;on&#8220; scroll_blur_enable=&#8220;on&#8220; scroll_blur=&#8220;0|4|10|100|10|0|0&#8243; locked=&#8220;off&#8220; global_colors_info=&#8220;{}&#8220;][et_pb_slide heading=&#8220;Exklusives Service-Wohnen Erftstadt&#8220; button_text=&#8220;Zu den Wohnungen&#8220; button_link=&#8220;https:\/\/www.schoenes-leben.org\/wohnen\/erftstadt\/wohnungsbeispiele\/&#8220; use_bg_overlay=&#8220;on&#8220; _builder_version=&#8220;4.27.4&#8243; _module_preset=&#8220;default&#8220; header_line_height=&#8220;1.2em&#8220; background_image=&#8220;https:\/\/www.schoenes-leben.org\/magazin\/wp-content\/uploads\/2025\/10\/erftstadt-clubraum.webp&#8220; background_enable_image=&#8220;on&#8220; locked=&#8220;off&#8220; global_colors_info=&#8220;{}&#8220; sticky_transition=&#8220;on&#8220;]<\/p>\n<p>Eine wundersch\u00f6ne Premium Residenz im Raum K\u00f6ln mit direkter Lage am Golfplatz<\/p>\n<p>[\/et_pb_slide][et_pb_slide heading=&#8220;Exklusives Service-Wohnen Gladbeck&#8220; button_text=&#8220;Zu den Wohnungen&#8220; button_link=&#8220;https:\/\/www.schoenes-leben.org\/wohnen\/gladbeck\/&#8220; use_bg_overlay=&#8220;on&#8220; _builder_version=&#8220;4.27.4&#8243; _module_preset=&#8220;default&#8220; header_letter_spacing=&#8220;0px&#8220; header_line_height=&#8220;1.2em&#8220; background_image=&#8220;https:\/\/www.schoenes-leben.org\/magazin\/wp-content\/uploads\/2025\/10\/gladbeck-clubraum-sessel.webp&#8220; background_enable_image=&#8220;on&#8220; background_size=&#8220;initial&#8220; locked=&#8220;off&#8220; global_colors_info=&#8220;{}&#8220; sticky_transition=&#8220;on&#8220;]<\/p>\n<p>Mehr als eine Seniorenresidenz: Gladbeck bietet seniorengerechtes, selbstst\u00e4ndiges Wohnen, direkt im Zentrum der Stadt.<\/p>\n<p>[\/et_pb_slide][et_pb_slide heading=&#8220;Exklusives Service-Wohnen Gotha&#8220; button_text=&#8220;Zu den Wohnungen&#8220; button_link=&#8220;https:\/\/www.schoenes-leben.org\/wohnen\/gotha\/wohnungsbeispiele\/&#8220; use_bg_overlay=&#8220;on&#8220; _builder_version=&#8220;4.27.4&#8243; _module_preset=&#8220;default&#8220; header_line_height=&#8220;1.2em&#8220; background_image=&#8220;https:\/\/www.schoenes-leben.org\/magazin\/wp-content\/uploads\/2025\/10\/lebensraum-gotha.jpg&#8220; background_enable_image=&#8220;on&#8220; text_orientation=&#8220;center&#8220; max_width=&#8220;85%&#8220; custom_padding=&#8220;||||false|false&#8220; hover_transition_duration=&#8220;50ms&#8220; locked=&#8220;off&#8220; global_colors_info=&#8220;{}&#8220; sticky_transition=&#8220;on&#8220;]<\/p>\n<div class=\"elementor-element elementor-element-9aee081 e-flex e-con-boxed e-con e-parent e-lazyloaded\" data-id=\"9aee081\" data-element_type=\"container\">\n<div class=\"e-con-inner\">\n<div class=\"elementor-element elementor-element-9795344 elementor-widget elementor-widget-widget_5\" data-id=\"9795344\" data-element_type=\"widget\" data-widget_type=\"widget_5.default\">\n<div class=\"elementor-widget-container\">\n<div class=\"text\">\n<div class=\"text-content\">\n<div>\n<p>Mehr als eine Seniorenresidenz:<span> <\/span>Gotha bietet seniorengerechtes, selbstst\u00e4ndiges Wohnen f\u00fcr Menschen mit besonderen Anspr\u00fcchen direkt am Neumarkt.<\/p>\n<\/div>\n<\/div>\n<\/div>\n<\/div>\n<\/div>\n<\/div>\n<\/div>\n<div class=\"elementor-element elementor-element-1ee573b e-flex e-con-boxed e-con e-parent e-lazyloaded\" data-id=\"1ee573b\" data-element_type=\"container\">\n<div class=\"e-con-inner\">\n<div class=\"elementor-element elementor-element-18f1b7d elementor-widget elementor-widget-widget_6\" data-id=\"18f1b7d\" data-element_type=\"widget\" data-widget_type=\"widget_6.default\">\n<div class=\"elementor-widget-container\">\n<div class=\"text-text\">\n<div class=\"text-text-content\">\n<div>\n<div class=\"text-text-content-container\">\n<div class=\"content-image\"><\/div>\n<\/div>\n<\/div>\n<\/div>\n<\/div>\n<\/div>\n<\/div>\n<\/div>\n<\/div>\n<p>[\/et_pb_slide][et_pb_slide heading=&#8220;Exklusives Service-Wohnen Neu-Ulm&#8220; button_text=&#8220;Zu den Wohnungen&#8220; button_link=&#8220;https:\/\/www.schoenes-leben.org\/wohnen\/neu-ulm\/wohnungsbeispiele\/&#8220; use_bg_overlay=&#8220;on&#8220; _builder_version=&#8220;4.27.4&#8243; _module_preset=&#8220;default&#8220; header_line_height=&#8220;1.2em&#8220; background_image=&#8220;https:\/\/www.schoenes-leben.org\/magazin\/wp-content\/uploads\/2025\/10\/clubraum-neu-ulm.webp&#8220; background_enable_image=&#8220;on&#8220; max_width=&#8220;85%&#8220; custom_padding=&#8220;||||false|false&#8220; locked=&#8220;off&#8220; global_colors_info=&#8220;{}&#8220; sticky_transition=&#8220;on&#8220;]<\/p>\n<p><span>Neu-Ulm bietet seniorengerechtes, selbstst\u00e4ndiges Wohnen f\u00fcr Menschen mit besonderen Anspr\u00fcchen in zentraler Innenstadtlage.\u00a0<\/span><\/p>\n<p>[\/et_pb_slide][et_pb_slide heading=&#8220;Exklusives Service-Wohnen Wolfsburg&#8220; button_text=&#8220;Zu den Wohnungen&#8220; button_link=&#8220;https:\/\/www.schoenes-leben.org\/wohnen\/wolfsburg\/wohnungsbeispiele\/&#8220; use_bg_overlay=&#8220;on&#8220; _builder_version=&#8220;4.27.4&#8243; _module_preset=&#8220;default&#8220; header_line_height=&#8220;1.2em&#8220; background_image=&#8220;https:\/\/www.schoenes-leben.org\/magazin\/wp-content\/uploads\/2025\/10\/lebensraum-wolfsburg.jpg&#8220; background_enable_image=&#8220;on&#8220; locked=&#8220;off&#8220; global_colors_info=&#8220;{}&#8220; sticky_transition=&#8220;on&#8220;]<\/p>\n<p><span>Wolfsburg bietet seniorengerechtes, selbstst\u00e4ndiges Wohnen f\u00fcr Menschen mit besonderen Anspr\u00fcchen direkt in Reislingen.<\/span><\/p>\n<p>[\/et_pb_slide][et_pb_slide heading=&#8220;Exklusives Service-Wohnen Wuppertal&#8220; button_text=&#8220;Zu den Wohnungen&#8220; button_link=&#8220;https:\/\/www.schoenes-leben.org\/wohnen\/wuppertal\/wohnungsbeispiele\/&#8220; use_bg_overlay=&#8220;on&#8220; _builder_version=&#8220;4.27.4&#8243; _module_preset=&#8220;default&#8220; header_line_height=&#8220;1.2em&#8220; background_image=&#8220;https:\/\/www.schoenes-leben.org\/magazin\/wp-content\/uploads\/2025\/10\/SLG-musterwohnung.webp&#8220; background_enable_image=&#8220;on&#8220; locked=&#8220;off&#8220; global_colors_info=&#8220;{}&#8220; sticky_transition=&#8220;on&#8220;]<\/p>\n<p><span>Wuppertal bietet seniorengerechtes, selbstst\u00e4ndiges Wohnen f\u00fcr Menschen mit besonderen Anspr\u00fcchen unweit der Wuppertaler Innenstadt im Stadtteil Brill.<\/span><\/p>\n<p>[\/et_pb_slide][\/et_pb_slider][\/et_pb_column][\/et_pb_row][et_pb_row custom_padding_last_edited=&#8220;on|phone&#8220; module_id=&#8220;anker2&#8243; _builder_version=&#8220;4.21.0&#8243; _module_preset=&#8220;default&#8220; background_color=&#8220;#F9F7F6&#8243; width_tablet=&#8220;&#8220; width_phone=&#8220;95%&#8220; width_last_edited=&#8220;on|phone&#8220; max_width=&#8220;942px&#8220; custom_margin=&#8220;10px||10px||false|false&#8220; custom_padding=&#8220;50px|50px|13px|50px|false|false&#8220; custom_padding_tablet=&#8220;50px|50px|13px|50px|false|false&#8220; custom_padding_phone=&#8220;25px|5px|1px|5px|false|false&#8220; global_colors_info=&#8220;{}&#8220;][et_pb_column type=&#8220;4_4&#8243; _builder_version=&#8220;4.21.0&#8243; _module_preset=&#8220;default&#8220; global_colors_info=&#8220;{}&#8220;][et_pb_text _builder_version=&#8220;4.21.2&#8243; _module_preset=&#8220;default&#8220; text_font=&#8220;Flietext Fett|700||on|||||&#8220; text_text_color=&#8220;#B99764&#8243; text_font_size=&#8220;35px&#8220; text_line_height=&#8220;1.3em&#8220; header_4_text_color=&#8220;#B99764&#8243; header_4_font_size=&#8220;40px&#8220; header_5_text_color=&#8220;#B99764&#8243; header_5_font_size=&#8220;47px&#8220; custom_margin=&#8220;||10px||false|false&#8220; text_font_size_tablet=&#8220;35px&#8220; text_font_size_phone=&#8220;22px&#8220; text_font_size_last_edited=&#8220;on|phone&#8220; header_4_font_size_tablet=&#8220;28px&#8220; header_4_font_size_phone=&#8220;25px&#8220; header_4_font_size_last_edited=&#8220;on|phone&#8220; global_colors_info=&#8220;{}&#8220;]<\/p>\n<h4>Tipps zur Auswahl der idealen Wohnform im Alter<\/h4>\n<p>[\/et_pb_text][et_pb_text module_class=&#8220;lwp-bullet-color&#8220; _builder_version=&#8220;4.27.2&#8243; _module_preset=&#8220;default&#8220; text_font=&#8220;||||||||&#8220; text_text_color=&#8220;#000000&#8243; custom_margin=&#8220;||||false|false&#8220; custom_padding=&#8220;||||false|false&#8220; global_colors_info=&#8220;{}&#8220;]<\/p>\n<ul>\n<li><strong>Ber\u00fccksichtigung individueller Bed\u00fcrfnisse und Vorlieben<\/strong><br \/>Bei der Auswahl der idealen Wohnsituation ist es wichtig, die eigenen Bed\u00fcrfnisse und Vorlieben zu ber\u00fccksichtigen. Denken Sie dar\u00fcber nach, welche Art von Unterst\u00fctzung Sie im Alltag ben\u00f6tigen und welche Annehmlichkeiten Ihnen wichtig sind. Die Wohnform sollte Ihren Lebensstil und Ihre Pr\u00e4ferenzen bestm\u00f6glich unterst\u00fctzen.<br \/>Bei der Wahl der richtigen Wohnform spielen Lage und Umgebung ebenfalls eine wichtige Rolle. 1. \u00dcberlegen Sie, ob Sie eher l\u00e4ndlich oder st\u00e4dtisch leben m\u00f6chten. Achten Sie auf die N\u00e4he zu Gesch\u00e4ften, \u00c4rzten, \u00f6ffentlichen Verkehrsmitteln und Freizeiteinrichtungen. Denken Sie auch an die Anbindung an soziale Kontakte wie Familie und Freunde. Eine gute Infrastruktur und eine angenehme Umgebung k\u00f6nnen zu einem komfortablen Leben beitragen. Denken Sie hier auch schon an die Zukunft.<br \/>2. Evaluierung der vorhandenen Serviceleistungen und Unterst\u00fctzungsm\u00f6glichkeiten<br \/>Pr\u00fcfen Sie die Serviceleistungen und Unterst\u00fctzungsm\u00f6glichkeiten der verschiedenen Wohnformen. Vergleichen Sie die Serviceleistungen verschiedener Seniorenresidenzen, wie an unseren Standorten: <a href=\"https:\/\/www.schoenes-leben.org\/wohnen\/gladbeck\/leistungsuebersicht\/\" title=\"Service-Leistungen Gladbeck\">Leistungen Gladbeck<\/a> &#8211;\u00a0<a href=\"https:\/\/www.schoenes-leben.org\/wohnen\/erftstadt\/leistungsuebersicht\/\" title=\"Service-Leistungen Erftstadt\">Leistungen Erftstadt<\/a> &#8211; <a href=\"https:\/\/www.schoenes-leben.org\/wohnen\/neu-ulm\/leistungsubersicht\/\" title=\"Service-Leistungen Neu Ulm\">Leistungen Neu Ulm<\/a> &#8211; <a href=\"https:\/\/www.schoenes-leben.org\/wohnen\/gotha\/leistungsuebersicht\/\" title=\"Service-Leistungen Gotha\">Leistungen Gotha<\/a> &#8211; <a href=\"https:\/\/www.schoenes-leben.org\/wohnen\/wolfsburg\/leistungsuebersicht\/\" title=\"Service-Leistungen Wolfsburg\">Leistungen Wolfsburg<\/a> &amp; <a href=\"https:\/\/www.schoenes-leben.org\/wohnen\/wuppertal\/leistungsubersicht\/\" title=\"Service-Leistungen Wuppertal\">Leistungen Wuppertal<\/a>. \u00dcberlegen Sie, welche Services f\u00fcr Ihren Alltag wichtig sind und ob diese in der gew\u00fcnschten Wohnanlage angeboten werden. Achten Sie auf Aspekte wie Notrufsysteme, Pflegeangebote, Mahlzeitenversorgung, Reinigungsdienste und Freizeitaktivit\u00e4ten. Stellen Sie sicher, dass die vorhandenen Services Ihren Bed\u00fcrfnissen entsprechen und Ihnen die gew\u00fcnschte Unterst\u00fctzung bieten.<\/li>\n<li><strong>Finanzielle Aspekte<\/strong><br \/>Achten Sie bei der Auswahl der Wohnform auch auf die finanziellen Aspekte. Kl\u00e4ren Sie die Kostenstruktur und eventuelle Zusatzkosten, um sicherzustellen, dass die Wohnform Ihren finanziellen M\u00f6glichkeiten entspricht. Informieren Sie sich \u00fcber m\u00f6gliche finanzielle Unterst\u00fctzung, die Sie in Anspruch nehmen k\u00f6nnen.<\/li>\n<li><strong>Einsamkeit Adieu: die Bedeutung sozialer Kontakte<\/strong><br \/>Einsamkeit im Alter kann sich negativ auf die k\u00f6rperliche und psychische Gesundheit auswirken. Soziale Isolation sowie mangelnde Kontakte k\u00f6nnen das Risiko f\u00fcr gesundheitliche Probleme erh\u00f6hen. Bei der Auswahl der idealen Wohnsituation ist es daher von Bedeutung, darauf zu achten, dass M\u00f6glichkeiten f\u00fcr soziale Interaktion und Gemeinschaft geboten werden.<\/li>\n<\/ul>\n<p>Achten Sie bei Ihrer Wahl auf ein lebendiges Gemeinschaftsleben. Eine Wohnform, die M\u00f6glichkeiten zur sozialen Interaktion bietet, kann dazu beitragen, das Gef\u00fchl der Einsamkeit zu reduzieren und das Wohlbefinden im Alter zu steigern. Gemeinschaftsbereiche und organisierte Aktivit\u00e4ten erm\u00f6glichen es den Bewohnern, sich mit anderen auszutauschen und neue Freundschaften zu kn\u00fcpfen. Der soziale Kontakt zu Gleichgesinnten f\u00f6rdert ein positives Lebensgef\u00fchl und kann eine bereichernde Erfahrung im Ruhestand sein. Unabh\u00e4ngig von der gew\u00e4hlten Wohnform sollten Sie darauf achten, dass Sie die M\u00f6glichkeit haben, Ihr soziales Leben zu pflegen und so eine erf\u00fcllte Zeit in einer unterst\u00fctzenden Gemeinschaft zu genie\u00dfen.<\/p>\n<p>[\/et_pb_text][\/et_pb_column][\/et_pb_row][et_pb_row _builder_version=&#8220;4.21.0&#8243; _module_preset=&#8220;default&#8220; width_tablet=&#8220;&#8220; width_phone=&#8220;95%&#8220; width_last_edited=&#8220;on|phone&#8220; max_width=&#8220;942px&#8220; global_colors_info=&#8220;{}&#8220;][et_pb_column type=&#8220;4_4&#8243; _builder_version=&#8220;4.21.0&#8243; _module_preset=&#8220;default&#8220; global_colors_info=&#8220;{}&#8220;][et_pb_image src=&#8220;https:\/\/www.schoenes-leben.org\/magazin\/wp-content\/uploads\/2023\/07\/SCHOeNES-LEBEN-Erftstadt_Familie-Schumacher-12.jpg&#8220; alt=&#8220;Senioren Paar auf Couch im Exklusiven Service-Wohnen&#8220; title_text=&#8220;SCH\u00d6NES-LEBEN-Erftstadt_Familie-Schumacher-(12)&#8220; show_in_lightbox=&#8220;on&#8220; _builder_version=&#8220;4.27.4&#8243; _module_preset=&#8220;default&#8220; custom_margin=&#8220;||7px||false|false&#8220; global_colors_info=&#8220;{}&#8220;][\/et_pb_image][et_pb_text _builder_version=&#8220;4.21.0&#8243; _module_preset=&#8220;default&#8220; text_font=&#8220;Flietext||||||||&#8220; text_text_color=&#8220;#000000&#8243; text_font_size=&#8220;13px&#8220; text_line_height=&#8220;1.6em&#8220; custom_margin=&#8220;10px|0px|0px|0px|false|false&#8220; custom_padding=&#8220;0px|0px|0px|0px|false|false&#8220; global_colors_info=&#8220;{}&#8220;]<\/p>\n<p>\u00bbDie Schmuckst\u00fccke eines Hauses sind die Freunde, die darin verkehren.\u00ab Ralph Waldo Emerson<\/p>\n<p>[\/et_pb_text][\/et_pb_column][\/et_pb_row][et_pb_row column_structure=&#8220;1_4,3_4&#8243; make_equal=&#8220;on&#8220; module_id=&#8220;author-box&#8220; _builder_version=&#8220;4.21.0&#8243; _module_preset=&#8220;default&#8220; background_color=&#8220;#F9F7F6&#8243; width_tablet=&#8220;&#8220; width_phone=&#8220;95%&#8220; width_last_edited=&#8220;on|phone&#8220; max_width=&#8220;942px&#8220; custom_padding=&#8220;|20px||20px|false|false&#8220; saved_tabs=&#8220;all&#8220; global_colors_info=&#8220;{}&#8220; global_module=&#8220;239723&#8243; theme_builder_area=&#8220;post_content&#8220;][et_pb_column type=&#8220;1_4&#8243; module_id=&#8220;vertical-align&#8220; module_class=&#8220;vertical-align&#8220; _builder_version=&#8220;4.21.0&#8243; _module_preset=&#8220;default&#8220; global_colors_info=&#8220;{}&#8220; theme_builder_area=&#8220;post_content&#8220;][et_pb_image src=&#8220;https:\/\/www.schoenes-leben.org\/magazin\/wp-content\/uploads\/2025\/01\/passionierte-Schreiber.png&#8220; alt=&#8220;Autorin Magazin hier&#038;jetzt&#8220; title_text=&#8220;passionierte-Schreiber&#8220; align=&#8220;center&#8220; align_tablet=&#8220;center&#8220; align_phone=&#8220;left&#8220; align_last_edited=&#8220;on|phone&#8220; _builder_version=&#8220;4.27.4&#8243; _module_preset=&#8220;default&#8220; max_width_tablet=&#8220;43%&#8220; max_width_phone=&#8220;31%&#8220; max_width_last_edited=&#8220;on|phone&#8220; module_alignment=&#8220;center&#8220; module_alignment_tablet=&#8220;left&#8220; module_alignment_phone=&#8220;left&#8220; module_alignment_last_edited=&#8220;on|phone&#8220; global_colors_info=&#8220;{}&#8220; theme_builder_area=&#8220;post_content&#8220;][\/et_pb_image][\/et_pb_column][et_pb_column type=&#8220;3_4&#8243; module_class=&#8220;vertical-align&#8220; _builder_version=&#8220;4.21.0&#8243; _module_preset=&#8220;default&#8220; global_colors_info=&#8220;{}&#8220; theme_builder_area=&#8220;post_content&#8220;][et_pb_text _builder_version=&#8220;4.24.0&#8243; _module_preset=&#8220;default&#8220; text_font=&#8220;Flietext Fett||||||||&#8220; text_text_color=&#8220;#000000&#8243; custom_margin=&#8220;0px|0px|0px|0px|false|false&#8220; custom_padding=&#8220;0px|0px|0px|0px|false|false&#8220; global_colors_info=&#8220;{}&#8220; theme_builder_area=&#8220;post_content&#8220;]<\/p>\n<p><strong>Unsere passionierten Schreiber<br \/><\/strong><\/p>\n<p>[\/et_pb_text][et_pb_text _builder_version=&#8220;4.24.0&#8243; _module_preset=&#8220;default&#8220; text_font=&#8220;Flietext||||||||&#8220; text_text_color=&#8220;#000000&#8243; global_colors_info=&#8220;{}&#8220; theme_builder_area=&#8220;post_content&#8220;]<\/p>\n<p>In dieser Kategorie unseres digitalen Magazins kommen talentierte und leidenschaftliche Autoren zusammen, um ihre Expertise in den Bereichen Genuss, Lebensfreude, Lebensraum und Vitalit\u00e4t zu teilen. Unsere passionierten Schreiber sind ein Mix von Autoren, die verschiedene Generationen, Hintergr\u00fcnde und Lebenserfahrungen repr\u00e4sentieren und die Vielfalt des Lebens widerspiegeln. Die Schreibergemeinschaft interessiert sich leidenschaftlich f\u00fcr die sch\u00f6nen Seiten des Lebens und teilt ihr Wissen, ihre Erfahrungen und ihre kreativen Gedanken mit Ihnen. Tauchen Sie ein in unsere Sammlung von Beitr\u00e4gen und lassen Sie sich von ihrer Leidenschaft f\u00fcr das Schreiben begeistern.<\/p>\n<p><a href=\"https:\/\/www.schoenes-leben.org\/magazin\/unsere-autoren\/\"><strong><span style=\"text-decoration: underline;\">Unsere Autoren<\/span><\/strong><\/a><\/p>\n<p>[\/et_pb_text][\/et_pb_column][\/et_pb_row][\/et_pb_section][et_pb_section fb_built=&#8220;1&#8243; custom_padding_last_edited=&#8220;on|tablet&#8220; admin_label=&#8220;Post Slider&#8220; _builder_version=&#8220;4.21.0&#8243; _module_preset=&#8220;default&#8220; custom_padding=&#8220;40px||||false|false&#8220; custom_padding_tablet=&#8220;0px||||false|false&#8220; custom_padding_phone=&#8220;0px||||false|false&#8220; global_module=&#8220;239577&#8243; collapsed=&#8220;on&#8220; global_colors_info=&#8220;{}&#8220;][et_pb_row _builder_version=&#8220;4.27.4&#8243; _module_preset=&#8220;default&#8220; width=&#8220;91%&#8220; max_width=&#8220;1771px&#8220; max_height=&#8220;926px&#8220; custom_padding=&#8220;||0px|||&#8220; global_colors_info=&#8220;{}&#8220;][et_pb_column type=&#8220;4_4&#8243; _builder_version=&#8220;4.20.0&#8243; _module_preset=&#8220;default&#8220; global_colors_info=&#8220;{}&#8220;][et_pb_text _builder_version=&#8220;4.22.2&#8243; _module_preset=&#8220;default&#8220; text_font=&#8220;||||||||&#8220; text_text_color=&#8220;#000000&#8243; text_font_size=&#8220;55px&#8220; header_font_size=&#8220;56px&#8220; header_2_font_size=&#8220;56px&#8220; module_alignment=&#8220;center&#8220; custom_margin=&#8220;||40px||false|false&#8220; text_font_size_tablet=&#8220;55px&#8220; text_font_size_phone=&#8220;42px&#8220; text_font_size_last_edited=&#8220;on|phone&#8220; header_2_font_size_tablet=&#8220;56px&#8220; header_2_font_size_phone=&#8220;45px&#8220; header_2_font_size_last_edited=&#8220;on|phone&#8220; global_colors_info=&#8220;{}&#8220;]<\/p>\n<h2 style=\"text-align: center;\">Lesen Sie auch<\/h2>\n<p>[\/et_pb_text][et_pb_blog_extras include_current_taxonomy=&#8220;on&#8220; posts_number=&#8220;4&#8243; blog_layout=&#8220;masonry&#8220; masonry_layout=&#8220;grid_extended&#8220; masonry_columns=&#8220;2&#8243; featured_image_size=&#8220;full&#8220; excerpt_length=&#8220;0&#8243; read_more_text=&#8220;jetzt lesen&#8220; show_date=&#8220;off&#8220; show_categories=&#8220;off&#8220; show_comments=&#8220;off&#8220; disabled_on=&#8220;off|off|off&#8220; masonry_columns_tablet=&#8220;2&#8243; masonry_columns_phone=&#8220;1&#8243; masonry_columns_last_edited=&#8220;on|desktop&#8220; _builder_version=&#8220;4.27.4&#8243; _module_preset=&#8220;default&#8220; header_level=&#8220;h4&#8243; header_font=&#8220;||||||||&#8220; header_font_size=&#8220;21px&#8220; header_line_height=&#8220;1.3em&#8220; body_font=&#8220;||||||||&#8220; body_text_color=&#8220;#000000&#8243; body_line_height=&#8220;1.5em&#8220; meta_text_color=&#8220;#B99764&#8243; meta_line_height=&#8220;1em&#8220; background_color=&#8220;RGBA(255,255,255,0)&#8220; read_more_alignment=&#8220;left&#8220; width=&#8220;100%&#8220; max_width=&#8220;100%&#8220; module_alignment=&#8220;left&#8220; min_height=&#8220;300px&#8220; height=&#8220;596px&#8220; max_height=&#8220;595px&#8220; custom_margin=&#8220;||||false|false&#8220; custom_padding=&#8220;||0px||false|false&#8220; custom_css_free_form=&#8220;||&#8220; global_colors_info=&#8220;{}&#8220;][\/et_pb_blog_extras][\/et_pb_column][\/et_pb_row][\/et_pb_section]<\/p>\n","protected":false},"excerpt":{"rendered":"<p>Den idealen Wohnplatz im Alter zu finden, der sowohl den Bed\u00fcrfnissen nach Selbstst\u00e4ndigkeit als auch nach Unterst\u00fctzung gerecht wird, kann eine herausfordernde Aufgabe sein. Die Wahl der richtigen Wohnform ist entscheidend, um eine angenehme und passende Wohnsituation im Alter zu schaffen. Von den verschiedenen Wohnformen bis hin zu wichtigen Faktoren bei der Entscheidungsfindung \u2013 hier erfahren Sie, worauf Sie achten sollten, um die Wohnform zu finden, die zu Ihnen passt.<\/p>\n","protected":false},"author":11,"featured_media":240814,"comment_status":"closed","ping_status":"closed","sticky":false,"template":"","format":"standard","meta":{"_et_pb_use_builder":"on","_et_pb_old_content":"","_et_gb_content_width":"2880","footnotes":""},"categories":[31,8],"tags":[],"class_list":["post-238981","post","type-post","status-publish","format-standard","has-post-thumbnail","hentry","category-beliebte-beitraege","category-lebensraum"],"yoast_head":"<!-- This site is optimized with the Yoast SEO plugin v27.4 - https:\/\/yoast.com\/product\/yoast-seo-wordpress\/ -->\n<title>Wohnmodelle im Alter: Tipps f\u00fcr die richtige Auswahl<\/title>\n<meta name=\"description\" content=\"Betreutes Wohnen \u2713 Service-Wohnen \u2713 Seniorenwohngemeinschaften \u2713 Pflegeheime \u2713 \u25ba Empfehlungen f\u00fcr die Auswahl der Wohnformen im Alter!\" \/>\n<meta name=\"robots\" content=\"index, follow, max-snippet:-1, max-image-preview:large, max-video-preview:-1\" \/>\n<link rel=\"canonical\" href=\"https:\/\/www.schoenes-leben.org\/magazin\/lebensraum\/wohnmodelle-im-alter-tipps-und-empfehlungen-fuer-die-ideale-wohnsitutation\/\" \/>\n<meta property=\"og:locale\" content=\"de_DE\" \/>\n<meta property=\"og:type\" content=\"article\" \/>\n<meta property=\"og:title\" content=\"Wohnmodelle im Alter: Tipps f\u00fcr die richtige Auswahl\" \/>\n<meta property=\"og:description\" content=\"Betreutes Wohnen \u2713 Service-Wohnen \u2713 Seniorenwohngemeinschaften \u2713 Pflegeheime \u2713 \u25ba Empfehlungen f\u00fcr die Auswahl der Wohnformen im Alter!\" \/>\n<meta property=\"og:url\" content=\"https:\/\/www.schoenes-leben.org\/magazin\/lebensraum\/wohnmodelle-im-alter-tipps-und-empfehlungen-fuer-die-ideale-wohnsitutation\/\" \/>\n<meta property=\"og:site_name\" content=\"hier&amp;jetzt\" \/>\n<meta property=\"article:published_time\" content=\"2023-07-30T07:17:40+00:00\" \/>\n<meta property=\"article:modified_time\" content=\"2025-10-28T15:01:11+00:00\" \/>\n<meta property=\"og:image\" content=\"https:\/\/www.schoenes-leben.org\/magazin\/wp-content\/uploads\/2023\/07\/SCHOeNES-LEBEN-Erftstadt_Familie-Schumacher-12.jpg\" \/>\n\t<meta property=\"og:image:width\" content=\"1290\" \/>\n\t<meta property=\"og:image:height\" content=\"860\" \/>\n\t<meta property=\"og:image:type\" content=\"image\/jpeg\" \/>\n<meta name=\"author\" content=\"einem passionierten Schreiber\" \/>\n<meta name=\"twitter:card\" content=\"summary_large_image\" \/>\n<meta name=\"twitter:label1\" content=\"Verfasst von\" \/>\n\t<meta name=\"twitter:data1\" content=\"einem passionierten Schreiber\" \/>\n\t<meta name=\"twitter:label2\" content=\"Gesch\u00e4tzte Lesezeit\" \/>\n\t<meta name=\"twitter:data2\" content=\"8\u00a0Minuten\" \/>\n<script type=\"application\/ld+json\" class=\"yoast-schema-graph\">{\"@context\":\"https:\\\/\\\/schema.org\",\"@graph\":[{\"@type\":\"Article\",\"@id\":\"https:\\\/\\\/www.schoenes-leben.org\\\/magazin\\\/lebensraum\\\/wohnmodelle-im-alter-tipps-und-empfehlungen-fuer-die-ideale-wohnsitutation\\\/#article\",\"isPartOf\":{\"@id\":\"https:\\\/\\\/www.schoenes-leben.org\\\/magazin\\\/lebensraum\\\/wohnmodelle-im-alter-tipps-und-empfehlungen-fuer-die-ideale-wohnsitutation\\\/\"},\"author\":{\"name\":\"einem passionierten Schreiber\",\"@id\":\"https:\\\/\\\/www.schoenes-leben.org\\\/magazin\\\/#\\\/schema\\\/person\\\/d6c299b05c17290aeb17f2f60656f95a\"},\"headline\":\"Wohnmodelle im Alter: Tipps und Empfehlungen\",\"datePublished\":\"2023-07-30T07:17:40+00:00\",\"dateModified\":\"2025-10-28T15:01:11+00:00\",\"mainEntityOfPage\":{\"@id\":\"https:\\\/\\\/www.schoenes-leben.org\\\/magazin\\\/lebensraum\\\/wohnmodelle-im-alter-tipps-und-empfehlungen-fuer-die-ideale-wohnsitutation\\\/\"},\"wordCount\":3606,\"image\":{\"@id\":\"https:\\\/\\\/www.schoenes-leben.org\\\/magazin\\\/lebensraum\\\/wohnmodelle-im-alter-tipps-und-empfehlungen-fuer-die-ideale-wohnsitutation\\\/#primaryimage\"},\"thumbnailUrl\":\"https:\\\/\\\/www.schoenes-leben.org\\\/magazin\\\/wp-content\\\/uploads\\\/2023\\\/07\\\/SCHOeNES-LEBEN-Erftstadt_Familie-Schumacher-12.jpg\",\"articleSection\":[\"Beliebte Beitr\u00e4ge\",\"Lebensraum\"],\"inLanguage\":\"de\"},{\"@type\":\"WebPage\",\"@id\":\"https:\\\/\\\/www.schoenes-leben.org\\\/magazin\\\/lebensraum\\\/wohnmodelle-im-alter-tipps-und-empfehlungen-fuer-die-ideale-wohnsitutation\\\/\",\"url\":\"https:\\\/\\\/www.schoenes-leben.org\\\/magazin\\\/lebensraum\\\/wohnmodelle-im-alter-tipps-und-empfehlungen-fuer-die-ideale-wohnsitutation\\\/\",\"name\":\"Wohnmodelle im Alter: Tipps f\u00fcr die richtige Auswahl\",\"isPartOf\":{\"@id\":\"https:\\\/\\\/www.schoenes-leben.org\\\/magazin\\\/#website\"},\"primaryImageOfPage\":{\"@id\":\"https:\\\/\\\/www.schoenes-leben.org\\\/magazin\\\/lebensraum\\\/wohnmodelle-im-alter-tipps-und-empfehlungen-fuer-die-ideale-wohnsitutation\\\/#primaryimage\"},\"image\":{\"@id\":\"https:\\\/\\\/www.schoenes-leben.org\\\/magazin\\\/lebensraum\\\/wohnmodelle-im-alter-tipps-und-empfehlungen-fuer-die-ideale-wohnsitutation\\\/#primaryimage\"},\"thumbnailUrl\":\"https:\\\/\\\/www.schoenes-leben.org\\\/magazin\\\/wp-content\\\/uploads\\\/2023\\\/07\\\/SCHOeNES-LEBEN-Erftstadt_Familie-Schumacher-12.jpg\",\"datePublished\":\"2023-07-30T07:17:40+00:00\",\"dateModified\":\"2025-10-28T15:01:11+00:00\",\"author\":{\"@id\":\"https:\\\/\\\/www.schoenes-leben.org\\\/magazin\\\/#\\\/schema\\\/person\\\/d6c299b05c17290aeb17f2f60656f95a\"},\"description\":\"Betreutes Wohnen \u2713 Service-Wohnen \u2713 Seniorenwohngemeinschaften \u2713 Pflegeheime \u2713 \u25ba Empfehlungen f\u00fcr die Auswahl der Wohnformen im Alter!\",\"breadcrumb\":{\"@id\":\"https:\\\/\\\/www.schoenes-leben.org\\\/magazin\\\/lebensraum\\\/wohnmodelle-im-alter-tipps-und-empfehlungen-fuer-die-ideale-wohnsitutation\\\/#breadcrumb\"},\"inLanguage\":\"de\",\"potentialAction\":[{\"@type\":\"ReadAction\",\"target\":[\"https:\\\/\\\/www.schoenes-leben.org\\\/magazin\\\/lebensraum\\\/wohnmodelle-im-alter-tipps-und-empfehlungen-fuer-die-ideale-wohnsitutation\\\/\"]}]},{\"@type\":\"ImageObject\",\"inLanguage\":\"de\",\"@id\":\"https:\\\/\\\/www.schoenes-leben.org\\\/magazin\\\/lebensraum\\\/wohnmodelle-im-alter-tipps-und-empfehlungen-fuer-die-ideale-wohnsitutation\\\/#primaryimage\",\"url\":\"https:\\\/\\\/www.schoenes-leben.org\\\/magazin\\\/wp-content\\\/uploads\\\/2023\\\/07\\\/SCHOeNES-LEBEN-Erftstadt_Familie-Schumacher-12.jpg\",\"contentUrl\":\"https:\\\/\\\/www.schoenes-leben.org\\\/magazin\\\/wp-content\\\/uploads\\\/2023\\\/07\\\/SCHOeNES-LEBEN-Erftstadt_Familie-Schumacher-12.jpg\",\"width\":1290,\"height\":860,\"caption\":\"Senioren Paar auf Couch im Exklusiven Service-Wohnen\"},{\"@type\":\"BreadcrumbList\",\"@id\":\"https:\\\/\\\/www.schoenes-leben.org\\\/magazin\\\/lebensraum\\\/wohnmodelle-im-alter-tipps-und-empfehlungen-fuer-die-ideale-wohnsitutation\\\/#breadcrumb\",\"itemListElement\":[{\"@type\":\"ListItem\",\"position\":1,\"name\":\"Startseite\",\"item\":\"https:\\\/\\\/www.schoenes-leben.org\\\/magazin\\\/\"},{\"@type\":\"ListItem\",\"position\":2,\"name\":\"Wohnmodelle im Alter: Tipps und Empfehlungen\"}]},{\"@type\":\"WebSite\",\"@id\":\"https:\\\/\\\/www.schoenes-leben.org\\\/magazin\\\/#website\",\"url\":\"https:\\\/\\\/www.schoenes-leben.org\\\/magazin\\\/\",\"name\":\"hier&amp;jetzt\",\"description\":\"Das Magazin der SCH\u00d6NES LEBEN Gruppe\",\"potentialAction\":[{\"@type\":\"SearchAction\",\"target\":{\"@type\":\"EntryPoint\",\"urlTemplate\":\"https:\\\/\\\/www.schoenes-leben.org\\\/magazin\\\/?s={search_term_string}\"},\"query-input\":{\"@type\":\"PropertyValueSpecification\",\"valueRequired\":true,\"valueName\":\"search_term_string\"}}],\"inLanguage\":\"de\"},{\"@type\":\"Person\",\"@id\":\"https:\\\/\\\/www.schoenes-leben.org\\\/magazin\\\/#\\\/schema\\\/person\\\/d6c299b05c17290aeb17f2f60656f95a\",\"name\":\"einem passionierten Schreiber\",\"image\":{\"@type\":\"ImageObject\",\"inLanguage\":\"de\",\"@id\":\"https:\\\/\\\/secure.gravatar.com\\\/avatar\\\/021535e5b55c37afdd3b326f6cab558c4ee08f0edb96d61f68b527f7aba8e1c2?s=96&d=mm&r=g\",\"url\":\"https:\\\/\\\/secure.gravatar.com\\\/avatar\\\/021535e5b55c37afdd3b326f6cab558c4ee08f0edb96d61f68b527f7aba8e1c2?s=96&d=mm&r=g\",\"contentUrl\":\"https:\\\/\\\/secure.gravatar.com\\\/avatar\\\/021535e5b55c37afdd3b326f6cab558c4ee08f0edb96d61f68b527f7aba8e1c2?s=96&d=mm&r=g\",\"caption\":\"einem passionierten Schreiber\"},\"url\":\"https:\\\/\\\/www.schoenes-leben.org\\\/magazin\\\/author\\\/einem-passionierten-schreiber\\\/\"}]}<\/script>\n<!-- \/ Yoast SEO plugin. -->","yoast_head_json":{"title":"Wohnmodelle im Alter: Tipps f\u00fcr die richtige Auswahl","description":"Betreutes Wohnen \u2713 Service-Wohnen \u2713 Seniorenwohngemeinschaften \u2713 Pflegeheime \u2713 \u25ba Empfehlungen f\u00fcr die Auswahl der Wohnformen im Alter!","robots":{"index":"index","follow":"follow","max-snippet":"max-snippet:-1","max-image-preview":"max-image-preview:large","max-video-preview":"max-video-preview:-1"},"canonical":"https:\/\/www.schoenes-leben.org\/magazin\/lebensraum\/wohnmodelle-im-alter-tipps-und-empfehlungen-fuer-die-ideale-wohnsitutation\/","og_locale":"de_DE","og_type":"article","og_title":"Wohnmodelle im Alter: Tipps f\u00fcr die richtige Auswahl","og_description":"Betreutes Wohnen \u2713 Service-Wohnen \u2713 Seniorenwohngemeinschaften \u2713 Pflegeheime \u2713 \u25ba Empfehlungen f\u00fcr die Auswahl der Wohnformen im Alter!","og_url":"https:\/\/www.schoenes-leben.org\/magazin\/lebensraum\/wohnmodelle-im-alter-tipps-und-empfehlungen-fuer-die-ideale-wohnsitutation\/","og_site_name":"hier&amp;jetzt","article_published_time":"2023-07-30T07:17:40+00:00","article_modified_time":"2025-10-28T15:01:11+00:00","og_image":[{"width":1290,"height":860,"url":"https:\/\/www.schoenes-leben.org\/magazin\/wp-content\/uploads\/2023\/07\/SCHOeNES-LEBEN-Erftstadt_Familie-Schumacher-12.jpg","type":"image\/jpeg"}],"author":"einem passionierten Schreiber","twitter_card":"summary_large_image","twitter_misc":{"Verfasst von":"einem passionierten Schreiber","Gesch\u00e4tzte Lesezeit":"8\u00a0Minuten"},"schema":{"@context":"https:\/\/schema.org","@graph":[{"@type":"Article","@id":"https:\/\/www.schoenes-leben.org\/magazin\/lebensraum\/wohnmodelle-im-alter-tipps-und-empfehlungen-fuer-die-ideale-wohnsitutation\/#article","isPartOf":{"@id":"https:\/\/www.schoenes-leben.org\/magazin\/lebensraum\/wohnmodelle-im-alter-tipps-und-empfehlungen-fuer-die-ideale-wohnsitutation\/"},"author":{"name":"einem passionierten Schreiber","@id":"https:\/\/www.schoenes-leben.org\/magazin\/#\/schema\/person\/d6c299b05c17290aeb17f2f60656f95a"},"headline":"Wohnmodelle im Alter: Tipps und Empfehlungen","datePublished":"2023-07-30T07:17:40+00:00","dateModified":"2025-10-28T15:01:11+00:00","mainEntityOfPage":{"@id":"https:\/\/www.schoenes-leben.org\/magazin\/lebensraum\/wohnmodelle-im-alter-tipps-und-empfehlungen-fuer-die-ideale-wohnsitutation\/"},"wordCount":3606,"image":{"@id":"https:\/\/www.schoenes-leben.org\/magazin\/lebensraum\/wohnmodelle-im-alter-tipps-und-empfehlungen-fuer-die-ideale-wohnsitutation\/#primaryimage"},"thumbnailUrl":"https:\/\/www.schoenes-leben.org\/magazin\/wp-content\/uploads\/2023\/07\/SCHOeNES-LEBEN-Erftstadt_Familie-Schumacher-12.jpg","articleSection":["Beliebte Beitr\u00e4ge","Lebensraum"],"inLanguage":"de"},{"@type":"WebPage","@id":"https:\/\/www.schoenes-leben.org\/magazin\/lebensraum\/wohnmodelle-im-alter-tipps-und-empfehlungen-fuer-die-ideale-wohnsitutation\/","url":"https:\/\/www.schoenes-leben.org\/magazin\/lebensraum\/wohnmodelle-im-alter-tipps-und-empfehlungen-fuer-die-ideale-wohnsitutation\/","name":"Wohnmodelle im Alter: Tipps f\u00fcr die richtige Auswahl","isPartOf":{"@id":"https:\/\/www.schoenes-leben.org\/magazin\/#website"},"primaryImageOfPage":{"@id":"https:\/\/www.schoenes-leben.org\/magazin\/lebensraum\/wohnmodelle-im-alter-tipps-und-empfehlungen-fuer-die-ideale-wohnsitutation\/#primaryimage"},"image":{"@id":"https:\/\/www.schoenes-leben.org\/magazin\/lebensraum\/wohnmodelle-im-alter-tipps-und-empfehlungen-fuer-die-ideale-wohnsitutation\/#primaryimage"},"thumbnailUrl":"https:\/\/www.schoenes-leben.org\/magazin\/wp-content\/uploads\/2023\/07\/SCHOeNES-LEBEN-Erftstadt_Familie-Schumacher-12.jpg","datePublished":"2023-07-30T07:17:40+00:00","dateModified":"2025-10-28T15:01:11+00:00","author":{"@id":"https:\/\/www.schoenes-leben.org\/magazin\/#\/schema\/person\/d6c299b05c17290aeb17f2f60656f95a"},"description":"Betreutes Wohnen \u2713 Service-Wohnen \u2713 Seniorenwohngemeinschaften \u2713 Pflegeheime \u2713 \u25ba Empfehlungen f\u00fcr die Auswahl der Wohnformen im Alter!","breadcrumb":{"@id":"https:\/\/www.schoenes-leben.org\/magazin\/lebensraum\/wohnmodelle-im-alter-tipps-und-empfehlungen-fuer-die-ideale-wohnsitutation\/#breadcrumb"},"inLanguage":"de","potentialAction":[{"@type":"ReadAction","target":["https:\/\/www.schoenes-leben.org\/magazin\/lebensraum\/wohnmodelle-im-alter-tipps-und-empfehlungen-fuer-die-ideale-wohnsitutation\/"]}]},{"@type":"ImageObject","inLanguage":"de","@id":"https:\/\/www.schoenes-leben.org\/magazin\/lebensraum\/wohnmodelle-im-alter-tipps-und-empfehlungen-fuer-die-ideale-wohnsitutation\/#primaryimage","url":"https:\/\/www.schoenes-leben.org\/magazin\/wp-content\/uploads\/2023\/07\/SCHOeNES-LEBEN-Erftstadt_Familie-Schumacher-12.jpg","contentUrl":"https:\/\/www.schoenes-leben.org\/magazin\/wp-content\/uploads\/2023\/07\/SCHOeNES-LEBEN-Erftstadt_Familie-Schumacher-12.jpg","width":1290,"height":860,"caption":"Senioren Paar auf Couch im Exklusiven Service-Wohnen"},{"@type":"BreadcrumbList","@id":"https:\/\/www.schoenes-leben.org\/magazin\/lebensraum\/wohnmodelle-im-alter-tipps-und-empfehlungen-fuer-die-ideale-wohnsitutation\/#breadcrumb","itemListElement":[{"@type":"ListItem","position":1,"name":"Startseite","item":"https:\/\/www.schoenes-leben.org\/magazin\/"},{"@type":"ListItem","position":2,"name":"Wohnmodelle im Alter: Tipps und Empfehlungen"}]},{"@type":"WebSite","@id":"https:\/\/www.schoenes-leben.org\/magazin\/#website","url":"https:\/\/www.schoenes-leben.org\/magazin\/","name":"hier&amp;jetzt","description":"Das Magazin der SCH\u00d6NES LEBEN Gruppe","potentialAction":[{"@type":"SearchAction","target":{"@type":"EntryPoint","urlTemplate":"https:\/\/www.schoenes-leben.org\/magazin\/?s={search_term_string}"},"query-input":{"@type":"PropertyValueSpecification","valueRequired":true,"valueName":"search_term_string"}}],"inLanguage":"de"},{"@type":"Person","@id":"https:\/\/www.schoenes-leben.org\/magazin\/#\/schema\/person\/d6c299b05c17290aeb17f2f60656f95a","name":"einem passionierten Schreiber","image":{"@type":"ImageObject","inLanguage":"de","@id":"https:\/\/secure.gravatar.com\/avatar\/021535e5b55c37afdd3b326f6cab558c4ee08f0edb96d61f68b527f7aba8e1c2?s=96&d=mm&r=g","url":"https:\/\/secure.gravatar.com\/avatar\/021535e5b55c37afdd3b326f6cab558c4ee08f0edb96d61f68b527f7aba8e1c2?s=96&d=mm&r=g","contentUrl":"https:\/\/secure.gravatar.com\/avatar\/021535e5b55c37afdd3b326f6cab558c4ee08f0edb96d61f68b527f7aba8e1c2?s=96&d=mm&r=g","caption":"einem passionierten Schreiber"},"url":"https:\/\/www.schoenes-leben.org\/magazin\/author\/einem-passionierten-schreiber\/"}]}},"_links":{"self":[{"href":"https:\/\/www.schoenes-leben.org\/magazin\/wp-json\/wp\/v2\/posts\/238981","targetHints":{"allow":["GET"]}}],"collection":[{"href":"https:\/\/www.schoenes-leben.org\/magazin\/wp-json\/wp\/v2\/posts"}],"about":[{"href":"https:\/\/www.schoenes-leben.org\/magazin\/wp-json\/wp\/v2\/types\/post"}],"author":[{"embeddable":true,"href":"https:\/\/www.schoenes-leben.org\/magazin\/wp-json\/wp\/v2\/users\/11"}],"replies":[{"embeddable":true,"href":"https:\/\/www.schoenes-leben.org\/magazin\/wp-json\/wp\/v2\/comments?post=238981"}],"version-history":[{"count":43,"href":"https:\/\/www.schoenes-leben.org\/magazin\/wp-json\/wp\/v2\/posts\/238981\/revisions"}],"predecessor-version":[{"id":241150,"href":"https:\/\/www.schoenes-leben.org\/magazin\/wp-json\/wp\/v2\/posts\/238981\/revisions\/241150"}],"wp:featuredmedia":[{"embeddable":true,"href":"https:\/\/www.schoenes-leben.org\/magazin\/wp-json\/wp\/v2\/media\/240814"}],"wp:attachment":[{"href":"https:\/\/www.schoenes-leben.org\/magazin\/wp-json\/wp\/v2\/media?parent=238981"}],"wp:term":[{"taxonomy":"category","embeddable":true,"href":"https:\/\/www.schoenes-leben.org\/magazin\/wp-json\/wp\/v2\/categories?post=238981"},{"taxonomy":"post_tag","embeddable":true,"href":"https:\/\/www.schoenes-leben.org\/magazin\/wp-json\/wp\/v2\/tags?post=238981"}],"curies":[{"name":"wp","href":"https:\/\/api.w.org\/{rel}","templated":true}]}}