{"id":239003,"date":"2023-07-30T08:09:05","date_gmt":"2023-07-30T08:09:05","guid":{"rendered":"https:\/\/www.schoenes-leben.org\/magazin\/?p=239003"},"modified":"2024-12-02T09:42:21","modified_gmt":"2024-12-02T09:42:21","slug":"hier-lebe-ich-wieder-ganz-selbstbestimmt-wie-es-mein-wunsch-war","status":"publish","type":"post","link":"https:\/\/www.schoenes-leben.org\/magazin\/lebenfreude\/hier-lebe-ich-wieder-ganz-selbstbestimmt-wie-es-mein-wunsch-war\/","title":{"rendered":"Hier lebe ich wieder ganz selbstbestimmt, wie es mein Wunsch war"},"content":{"rendered":"\n[et_pb_section fb_built=&#8220;1&#8243; custom_padding_last_edited=&#8220;on|phone&#8220; _builder_version=&#8220;4.21.0&#8243; _module_preset=&#8220;default&#8220; custom_padding_tablet=&#8220;&#8220; custom_padding_phone=&#8220;0px||||false|false&#8220; global_colors_info=&#8220;{}&#8220;][et_pb_row _builder_version=&#8220;4.21.0&#8243; _module_preset=&#8220;default&#8220; width_tablet=&#8220;&#8220; width_phone=&#8220;95%&#8220; width_last_edited=&#8220;on|phone&#8220; custom_margin=&#8220;0px||0px||false|false&#8220; custom_padding=&#8220;10px||10px||false|false&#8220; global_colors_info=&#8220;{}&#8220; theme_builder_area=&#8220;post_content&#8220;][et_pb_column type=&#8220;4_4&#8243; _builder_version=&#8220;4.21.0&#8243; _module_preset=&#8220;default&#8220; global_colors_info=&#8220;{}&#8220; theme_builder_area=&#8220;post_content&#8220;][lwp_divi_breadcrumbs home_text=&#8220;Magazin&#8220; before_text=&#8220;Sie sind hier: &#8220; use_before_icon=&#8220;off&#8220; link_color=&#8220;#B99764&#8243; separator_color=&#8220;#000000&#8243; current_text_color=&#8220;#B99764&#8243; _builder_version=&#8220;4.21.2&#8243; _module_preset=&#8220;default&#8220; module_font=&#8220;||||||||&#8220; module_text_align=&#8220;center&#8220; module_text_color=&#8220;#000000&#8243; module_font_size=&#8220;13px&#8220; text_orientation=&#8220;center&#8220; module_alignment=&#8220;center&#8220; global_colors_info=&#8220;{}&#8220; theme_builder_area=&#8220;post_content&#8220;][\/lwp_divi_breadcrumbs][\/et_pb_column][\/et_pb_row][et_pb_row _builder_version=&#8220;4.21.0&#8243; _module_preset=&#8220;default&#8220; width_tablet=&#8220;&#8220; width_phone=&#8220;95%&#8220; width_last_edited=&#8220;on|phone&#8220; max_width_tablet=&#8220;&#8220; max_width_phone=&#8220;95%&#8220; max_width_last_edited=&#8220;on|phone&#8220; global_colors_info=&#8220;{}&#8220; theme_builder_area=&#8220;post_content&#8220;][et_pb_column type=&#8220;4_4&#8243; _builder_version=&#8220;4.21.0&#8243; _module_preset=&#8220;default&#8220; global_colors_info=&#8220;{}&#8220; theme_builder_area=&#8220;post_content&#8220;][et_pb_text _builder_version=&#8220;4.21.2&#8243; _module_preset=&#8220;default&#8220; text_font=&#8220;Ueberschrift|||on|||||&#8220; text_text_color=&#8220;#B99764&#8243; text_font_size=&#8220;100px&#8220; text_line_height=&#8220;1.1em&#8220; header_font=&#8220;|||on|||||&#8220; header_text_color=&#8220;#B99764&#8243; header_font_size=&#8220;100px&#8220; header_line_height=&#8220;1.1em&#8220; text_orientation=&#8220;center&#8220; max_width=&#8220;94%&#8220; module_alignment=&#8220;center&#8220; text_font_size_tablet=&#8220;75px&#8220; text_font_size_phone=&#8220;35px&#8220; text_font_size_last_edited=&#8220;on|phone&#8220; text_line_height_tablet=&#8220;1.1em&#8220; text_line_height_phone=&#8220;1.3em&#8220; text_line_height_last_edited=&#8220;on|phone&#8220; header_font_size_tablet=&#8220;75px&#8220; header_font_size_phone=&#8220;45px&#8220; header_font_size_last_edited=&#8220;on|phone&#8220; global_colors_info=&#8220;{}&#8220; theme_builder_area=&#8220;post_content&#8220;]<h1>Hier lebe ich wieder ganz selbstbestimmt, wie es mein Wunsch war<\/h1>[\/et_pb_text][et_pb_text _builder_version=&#8220;4.21.2&#8243; _module_preset=&#8220;default&#8220; text_font=&#8220;Unterueberschrift|||on|||||&#8220; text_text_color=&#8220;#000000&#8243; text_font_size=&#8220;13px&#8220; text_line_height=&#8220;1.3em&#8220; header_5_font_size=&#8220;17px&#8220; header_5_line_height=&#8220;1.2em&#8220; text_orientation=&#8220;center&#8220; max_width_tablet=&#8220;&#8220; max_width_phone=&#8220;70%&#8220; max_width_last_edited=&#8220;on|phone&#8220; module_alignment=&#8220;center&#8220; link_option_url=&#8220;#author-box&#8220; hover_enabled=&#8220;0&#8243; text_font_size_tablet=&#8220;13px&#8220; text_font_size_phone=&#8220;11px&#8220; text_font_size_last_edited=&#8220;on|phone&#8220; global_colors_info=&#8220;{}&#8220; theme_builder_area=&#8220;post_content&#8220; sticky_enabled=&#8220;0&#8243;]<h5>Verfasst von <strong>Helen Bardtenschlager<br \/><\/strong><\/h5>[\/et_pb_text][\/et_pb_column][\/et_pb_row][et_pb_row module_id=&#8220;was-braucht-man-fuer-yoga&#8220; _builder_version=&#8220;4.21.0&#8243; _module_preset=&#8220;default&#8220; width_tablet=&#8220;&#8220; width_phone=&#8220;95%&#8220; width_last_edited=&#8220;on|phone&#8220; max_width=&#8220;942px&#8220; global_colors_info=&#8220;{}&#8220;][et_pb_column type=&#8220;4_4&#8243; _builder_version=&#8220;4.21.0&#8243; _module_preset=&#8220;default&#8220; global_colors_info=&#8220;{}&#8220;][et_pb_text _builder_version=&#8220;4.21.0&#8243; _module_preset=&#8220;default&#8220; text_font=&#8220;Flietext||||||||&#8220; text_text_color=&#8220;#000000&#8243; global_colors_info=&#8220;{}&#8220;]<div class=\"fusion-layout-column fusion_builder_column fusion-builder-column-1 fusion_builder_column_1_2 1_2 fusion-flex-column\" style=\"--awb-bg-size: cover; --awb-width-large: 50%; --awb-margin-top-large: 0px; --awb-spacing-right-large: 3.84%; --awb-margin-bottom-large: 20px; --awb-spacing-left-large: 3.84%; --awb-width-medium: 100%; --awb-order-medium: 0; --awb-spacing-right-medium: 1.92%; --awb-spacing-left-medium: 1.92%; --awb-width-small: 100%; --awb-order-small: 0; --awb-spacing-right-small: 1.92%; --awb-spacing-left-small: 1.92%;\" data-motion-effects=\"[{&quot;type&quot;:&quot;&quot;,&quot;scroll_type&quot;:&quot;transition&quot;,&quot;scroll_direction&quot;:&quot;up&quot;,&quot;transition_speed&quot;:&quot;1&quot;,&quot;fade_type&quot;:&quot;in&quot;,&quot;scale_type&quot;:&quot;up&quot;,&quot;initial_scale&quot;:&quot;1&quot;,&quot;max_scale&quot;:&quot;1.5&quot;,&quot;min_scale&quot;:&quot;0.5&quot;,&quot;initial_rotate&quot;:&quot;0&quot;,&quot;end_rotate&quot;:&quot;30&quot;,&quot;initial_blur&quot;:&quot;0&quot;,&quot;end_blur&quot;:&quot;3&quot;,&quot;start_element&quot;:&quot;top&quot;,&quot;start_viewport&quot;:&quot;bottom&quot;,&quot;end_element&quot;:&quot;bottom&quot;,&quot;end_viewport&quot;:&quot;top&quot;,&quot;mouse_effect&quot;:&quot;track&quot;,&quot;mouse_effect_direction&quot;:&quot;opposite&quot;,&quot;mouse_effect_speed&quot;:&quot;2&quot;,&quot;infinite_animation&quot;:&quot;float&quot;,&quot;infinite_animation_speed&quot;:&quot;2&quot;}]\" data-scroll-devices=\"small-visibility,medium-visibility,large-visibility\">\n<div class=\"fusion-column-wrapper fusion-column-has-shadow fusion-flex-justify-content-flex-start fusion-content-layout-column\">\n<div class=\"fusion-text fusion-text-1\">\n<p>Als Krankenschwester bestand das Leben von Edelgard Blamberg stets daraus, anderen Menschen zu helfen. Dies tat die liebenswerte 82-J\u00e4hrige mit Herz und Seele im Beruf und schlie\u00dflich auch in ihrer Ehe.<\/p>\n<p>1959 lernten sich Edelgard und Huldreich Blamberg aus dem Th\u00fcringer T\u00fcttleben kennen. Gemeinsam verschrieb sich das Paar der Landwirtschaft. Sie bewirtschaften den eigenen Hof und legten schon damals den Grundschein f\u00fcr ihre Zuneigung zur Natur. Huldreich Blamberg machte sein Hobby zum Beruf und engagierte sich voller Energie als Vorsitzender in der 1952 gegr\u00fcndeten LPG (Landwirtschaftlichen Produktionsgenossenschaft). Doch wie das Leben so spielt, war der Beruf f\u00fcr einen bedingungslosen Perfektionisten auch nicht immer leicht. Sein Wunsch immer alles perfekt zu machen, forderte k\u00f6rperliche Grenzen. Immer \u00f6fter litt er an Kopfschmerzen, Herzstechen und Atemnot. Und dann kam die schreckliche Diagnose: Parkinson!<\/p>\n<\/div>\n<\/div>\n<\/div>[\/et_pb_text][\/et_pb_column][\/et_pb_row][et_pb_row _builder_version=&#8220;4.21.0&#8243; _module_preset=&#8220;default&#8220; width_tablet=&#8220;&#8220; width_phone=&#8220;95%&#8220; width_last_edited=&#8220;on|phone&#8220; max_width=&#8220;942px&#8220; global_colors_info=&#8220;{}&#8220;][et_pb_column type=&#8220;4_4&#8243; _builder_version=&#8220;4.21.0&#8243; _module_preset=&#8220;default&#8220; global_colors_info=&#8220;{}&#8220;][et_pb_image src=&#8220;https:\/\/www.schoenes-leben.org\/magazin\/wp-content\/uploads\/2023\/07\/Frau-Blamberg-Hochzeitsfoto.jpg&#8220; title_text=&#8220;Frau-Blamberg-Hochzeitsfoto&#8220; show_in_lightbox=&#8220;on&#8220; align=&#8220;center&#8220; _builder_version=&#8220;4.21.0&#8243; _module_preset=&#8220;default&#8220; custom_margin=&#8220;||7px||false|false&#8220; global_colors_info=&#8220;{}&#8220;][\/et_pb_image][\/et_pb_column][\/et_pb_row][et_pb_row module_id=&#8220;anker1&#8243; _builder_version=&#8220;4.21.0&#8243; _module_preset=&#8220;default&#8220; width_tablet=&#8220;&#8220; width_phone=&#8220;95%&#8220; width_last_edited=&#8220;on|phone&#8220; max_width=&#8220;942px&#8220; global_colors_info=&#8220;{}&#8220;][et_pb_column type=&#8220;4_4&#8243; _builder_version=&#8220;4.21.0&#8243; _module_preset=&#8220;default&#8220; global_colors_info=&#8220;{}&#8220;][et_pb_text _builder_version=&#8220;4.21.0&#8243; _module_preset=&#8220;default&#8220; text_font=&#8220;Flietext||||||||&#8220; text_text_color=&#8220;#000000&#8243; global_colors_info=&#8220;{}&#8220;]<div class=\"fusion-text fusion-text-2\">\n<p>Als Krankenschwester wusste Frau Blamberg direkt, was diese Diagnose bedeutet \u2013 unheilbar! Doch direkt stand f\u00fcr sie fest, sich um ihren Mann zu k\u00fcmmern. Liebevoll pflegte die zehn Jahre j\u00fcngere Ehefrau Huldreich tagein tagaus, sie gaben den Hof auf, zogen auf ein Grundst\u00fcck direkt am Wald, wo ihr Mann mittlerweile mit einem Beatmungsger\u00e4t ausgestattet und im Rollstuhl sitzend, die gute Th\u00fcringer Waldluft und die Ruhe genoss. Stolz erz\u00e4hlt sie heute, dass sie die Pflege ihres Mannes bis kurz vor seinem Tod allein bew\u00e4ltigte. Liebevoll, aufopfernd und ganz nah! \u201eIch wollte f\u00fcr ihn da sein, wir hatten eine sehr gute Ehe und da k\u00fcmmerte ich mich nat\u00fcrlich gern um ihn\u201c. Als der Arzt ihr empfahl ihren Mann ins Pflegeheim zu geben, wehrte sie dies vehement ab. \u201eDas kam f\u00fcr mich unter keinen Umst\u00e4nden in Frage.\u201c Der Arzt sagte zwar: \u201eFrau Blamberg, das schaffen sie nicht mehr. Sie haben nicht die Kraft die Pflege Ihres Mannes allein zu bew\u00e4ltigen.\u201c, aber das wollte ich nicht h\u00f6ren. 2011 starb Huldreich Blamberg im Morgengrauen friedlich im Arm seiner Frau. Ein schrecklicher Moment f\u00fcr die liebenswerte Th\u00fcringerin. Jemanden zu verlieren, der ein Leben lang an der Seite ist, das ist unendlich schmerzlich.<\/p>\n<p>Und dann? Dann kam der Moment, der Edelgard Blamberg vor Augen f\u00fchrte, dass die jahrelange Pflege ihres Mannes auch bei ihr k\u00f6rperliche Spuren hinterlassen hatte. \u201eEs war an einem Samstag, ich kam vom Einkaufen und begann mit dem Ausr\u00e4umen der vielen sch\u00f6nen Dinge. Pl\u00f6tzlich versp\u00fcrte ich einen stechenden Schmerz im Lendenwirbelbereich. Vom H\u00fcftbereich bis in die Beine hatte ich kein Gef\u00fchl mehr. Ich war gel\u00e4hmt.\u201c. Die Angst war gro\u00df, was ist passiert? Die lange k\u00f6rperliche Belastung hat auch sie selbst gesundheitlich angeschlagen. Ihr R\u00fccken war kaputt, zwei Lendenwirbel waren gebrochen. Es folgten mehrere Operationen, aber mit Tochter Heike als Unterst\u00fctzung und ihrem eigenen starken Willen, sollte auch diese Situation \u00fcberstanden werden. Mit neuen Forschungsmethoden setzte ein \u00c4rzteteam Edelgard Blamberg Implantate aus tierischem Material ein. Ein Lichtblick am Horizont f\u00fcr die quirlige Th\u00fcringerin? Nicht wirklich! Die \u00c4rzte gaben Frau Blamberg trotz des riskanten Eingriffs nur eine geringe Chance wieder richtig laufen zu k\u00f6nnen. Nach einem dreiw\u00f6chigen Krankenhausaufenthalt ging es zur REHA nach Meiningen. Der Erfolg nahezu null. Beim Abschlussgespr\u00e4ch mit dem Arzt dann der Schock: \u201eSie werden nie wieder laufen k\u00f6nnen. Sie sind pflegebed\u00fcrftig und m\u00fcssen in ein Pflegeheim\u201c. Es brach eine Welt zusammen! Nicht mehr aktiv sein? Mich nicht mehr um andere k\u00fcmmern?<\/p>\n<p>In einem Pflegeheim in Gotha bekam sie einen Platz und die erforderliche Pflege. \u201eDie Anfangszeit war hart, doch ich lie\u00df mich nicht unterkriegen und bot meine Hilfe an, wo immer ich konnte. Wenngleich der Rollstuhl mein st\u00e4ndiger Wegbegleiter war, half ich bei der W\u00e4sche, deckte Tische und k\u00fcmmerte mich um andere Bewohner.\u201c Schnell integrierte sich die warmherzige Dame und freundete sich mit dem Pfleger Lucas an. Lucas war es schlie\u00dflich, der sie immer wieder motivierte, t\u00e4glich ihre Lauf\u00fcbungen durchzuf\u00fchren und weiter f\u00fcr ein normales Leben zu k\u00e4mpfen. \u201eSchritt f\u00fcr Schritt\u201c wie er immer wieder sagte.<\/p>\n<\/div>[\/et_pb_text][\/et_pb_column][\/et_pb_row][et_pb_row _builder_version=&#8220;4.21.0&#8243; _module_preset=&#8220;default&#8220; width_tablet=&#8220;&#8220; width_phone=&#8220;95%&#8220; width_last_edited=&#8220;on|phone&#8220; max_width=&#8220;942px&#8220; global_colors_info=&#8220;{}&#8220;][et_pb_column type=&#8220;4_4&#8243; _builder_version=&#8220;4.21.0&#8243; _module_preset=&#8220;default&#8220; global_colors_info=&#8220;{}&#8220;][et_pb_image src=&#8220;https:\/\/www.schoenes-leben.org\/magazin\/wp-content\/uploads\/2023\/07\/Frau-Blamberg.jpg&#8220; title_text=&#8220;Frau-Blamberg&#8220; show_in_lightbox=&#8220;on&#8220; _builder_version=&#8220;4.21.0&#8243; _module_preset=&#8220;default&#8220; custom_margin=&#8220;||7px||false|false&#8220; global_colors_info=&#8220;{}&#8220;][\/et_pb_image][\/et_pb_column][\/et_pb_row][et_pb_row module_id=&#8220;was-braucht-man-fuer-yoga&#8220; _builder_version=&#8220;4.21.0&#8243; _module_preset=&#8220;default&#8220; width_tablet=&#8220;&#8220; width_phone=&#8220;95%&#8220; width_last_edited=&#8220;on|phone&#8220; max_width=&#8220;942px&#8220; custom_margin=&#8220;90px||110px||false|false&#8220; global_colors_info=&#8220;{}&#8220; theme_builder_area=&#8220;post_content&#8220;][et_pb_column type=&#8220;4_4&#8243; _builder_version=&#8220;4.21.0&#8243; _module_preset=&#8220;default&#8220; global_colors_info=&#8220;{}&#8220; theme_builder_area=&#8220;post_content&#8220;][et_pb_text _builder_version=&#8220;4.21.2&#8243; _module_preset=&#8220;default&#8220; text_font=&#8220;|||on|||||&#8220; text_text_color=&#8220;#B99764&#8243; text_font_size=&#8220;49px&#8220; text_line_height=&#8220;1.1em&#8220; header_2_text_color=&#8220;#B99764&#8243; header_2_font_size=&#8220;49px&#8220; header_2_line_height=&#8220;1.2em&#8220; text_orientation=&#8220;center&#8220; hover_enabled=&#8220;0&#8243; text_font_size_tablet=&#8220;40px&#8220; text_font_size_phone=&#8220;35px&#8220; text_font_size_last_edited=&#8220;on|phone&#8220; text_line_height_tablet=&#8220;1.1em&#8220; text_line_height_phone=&#8220;1.3em&#8220; text_line_height_last_edited=&#8220;on|phone&#8220; header_2_font_size_tablet=&#8220;43px&#8220; header_2_font_size_phone=&#8220;31px&#8220; header_2_font_size_last_edited=&#8220;on|desktop&#8220; global_colors_info=&#8220;{}&#8220; theme_builder_area=&#8220;post_content&#8220; sticky_enabled=&#8220;0&#8243;]<h2>\u00bb<br \/>ICH WOLLTE EIGENST\u00c4NDIG LEBEN<br \/>UND ICH HAB\u2018 DAS GESCHAFFT<br \/>\u00bb<\/h2>[\/et_pb_text][\/et_pb_column][\/et_pb_row][et_pb_row module_id=&#8220;was-braucht-man-fuer-yoga&#8220; _builder_version=&#8220;4.21.0&#8243; _module_preset=&#8220;default&#8220; width_tablet=&#8220;&#8220; width_phone=&#8220;95%&#8220; width_last_edited=&#8220;on|phone&#8220; max_width=&#8220;942px&#8220; global_colors_info=&#8220;{}&#8220;][et_pb_column type=&#8220;4_4&#8243; _builder_version=&#8220;4.21.0&#8243; _module_preset=&#8220;default&#8220; global_colors_info=&#8220;{}&#8220;][et_pb_text _builder_version=&#8220;4.21.0&#8243; _module_preset=&#8220;default&#8220; text_font=&#8220;Flietext||||||||&#8220; text_text_color=&#8220;#000000&#8243; global_colors_info=&#8220;{}&#8220;]<p>Eines Tages \u00fcberkam sie der Wunsch: \u201eIch will wieder eigenst\u00e4ndig leben. Selbstbestimmt!\u201c. Daf\u00fcr k\u00e4mpfte sie von nun an. Sie wagte den ersten Laufversuch, ging mit dem Rollator zur T\u00fcr, \u00f6ffnete sie und lief zum Flur hinaus. Die \u00dcberraschung aller war gro\u00df. Neun Monate harte Arbeit, Zuspruch der Pflegekr\u00e4fte und ihr eigener starker Willer \u2013 Edelgard Blambergs Traum vom eigenst\u00e4ndigen Leben ging in Erf\u00fcllung. Im April 2022 fasste sie gemeinsam mit Tochter Heike den Entschluss, das Pflegeheim zu verlassen und wieder in eine eigenst\u00e4ndige Wohnung zu ziehen. Das neu gebaute Objekt \u201eSCH\u00d6NES LEBEN Gotha am Neumarkt\u201c im Herzen der Stadt fiel den beiden gleich ins Auge. Geschmackvoll eingerichtet, in wundersch\u00f6ner Umgebung und mit angegliedertem Ambulanten Pflegedienst f\u00fcr alle F\u00e4lle! Eine kleine Zwei-Raum-Wohnung, die zu diesem Zeitpunkt als Ferienwohnung eingerichtet war, gefiel beiden sofort. \u201eIch verliebte mich direkt\u201c erz\u00e4hlt sie heute v\u00f6llig \u00fcberschw\u00e4nglich, \u201eso, dass ich sogar einen Teil der eingerichteten M\u00f6bel \u00fcbernahm. Der Weg war frei f\u00fcr meinen n\u00e4chsten Lebensabschnitt.\u201c<\/p>\n<p>Heute ist Edelgard Blamberg wieder so fit, dass sie sich in der Hochbeetgemeinschaft engagiert und als Gesundheitsberaterin f\u00fcr Tees und Kr\u00e4uter alle Bewohner bei Gesundheit h\u00e4lt. Die bewundernswerte Th\u00fcringerin hat ihre Erf\u00fcllung gefunden. Sie ist dankbar und zufrieden. In ihren Erz\u00e4hlungen sprudelt es vor Gl\u00fcck, sie lacht viel dabei. \u201eJa, hier lebe ich wieder ganz selbstbestimmt, wie es mein Wunsch war, und bin die Kr\u00e4uterhexe, die ich fr\u00fcher schon war. Hier h\u00e4tte es Huldreich auch gefallen. Hier h\u00e4tten wir zusammen leben k\u00f6nnen, wenn es so ein Haus schon fr\u00fcher gegeben h\u00e4tte.\u201c schwelgt sie ab in ihre Erinnerung und schmunzelt.<\/p>[\/et_pb_text][\/et_pb_column][\/et_pb_row][et_pb_row column_structure=&#8220;1_4,3_4&#8243; make_equal=&#8220;on&#8220; module_id=&#8220;author-box&#8220; _builder_version=&#8220;4.21.0&#8243; _module_preset=&#8220;default&#8220; background_color=&#8220;#F9F7F6&#8243; width_tablet=&#8220;&#8220; width_phone=&#8220;95%&#8220; width_last_edited=&#8220;on|phone&#8220; max_width=&#8220;942px&#8220; custom_padding=&#8220;|20px||20px|false|false&#8220; global_module=&#8220;239114&#8243; saved_tabs=&#8220;all&#8220; global_colors_info=&#8220;{}&#8220;][et_pb_column type=&#8220;1_4&#8243; module_id=&#8220;vertical-align&#8220; module_class=&#8220;vertical-align&#8220; _builder_version=&#8220;4.21.0&#8243; _module_preset=&#8220;default&#8220; global_colors_info=&#8220;{}&#8220;][et_pb_image src=&#8220;https:\/\/www.schoenes-leben.org\/magazin\/wp-content\/uploads\/2023\/07\/Helen-1.png&#8220; title_text=&#8220;Helen&#8220; align=&#8220;center&#8220; align_tablet=&#8220;center&#8220; align_phone=&#8220;left&#8220; align_last_edited=&#8220;on|phone&#8220; _builder_version=&#8220;4.21.0&#8243; _module_preset=&#8220;default&#8220; max_width_tablet=&#8220;43%&#8220; max_width_phone=&#8220;31%&#8220; max_width_last_edited=&#8220;on|phone&#8220; module_alignment=&#8220;center&#8220; module_alignment_tablet=&#8220;left&#8220; module_alignment_phone=&#8220;left&#8220; module_alignment_last_edited=&#8220;on|phone&#8220; global_colors_info=&#8220;{}&#8220;][\/et_pb_image][\/et_pb_column][et_pb_column type=&#8220;3_4&#8243; module_class=&#8220;vertical-align&#8220; _builder_version=&#8220;4.21.0&#8243; _module_preset=&#8220;default&#8220; global_colors_info=&#8220;{}&#8220;][et_pb_text _builder_version=&#8220;4.21.2&#8243; _module_preset=&#8220;default&#8220; text_font=&#8220;Flietext Fett||||||||&#8220; text_text_color=&#8220;#000000&#8243; custom_margin=&#8220;0px|0px|0px|0px|false|false&#8220; custom_padding=&#8220;0px|0px|0px|0px|false|false&#8220; global_colors_info=&#8220;{}&#8220;]<p><strong>Helen Bardtenschlager<\/strong><\/p>[\/et_pb_text][et_pb_text _builder_version=&#8220;4.21.0&#8243; _module_preset=&#8220;default&#8220; text_font=&#8220;Flietext||||||||&#8220; text_text_color=&#8220;#000000&#8243; global_colors_info=&#8220;{}&#8220;]<p><span>Helen Bardtenschlager ist eine vielseitig interessierte soziale Kosmopolitin. Ihre privaten Vorlieben f\u00fcr Kulinarik, Lifestyle, Gesellschaft, Natur, Sport und Tiere zeichnen sich auch in ihrer beruflichen Laufbahn ab. Die Sportsch\u00fclerin und gelernte Bankkauffrau studierte BWL sowie Romanistik in der Mainmetropole Frankfurt.<\/span><br \/><a href=\"https:\/\/www.schoenes-leben.org\/magazin\/unsere-autoren\/\"><strong><span style=\"text-decoration: underline;\">Unsere Autoren<\/span><\/strong><\/a><\/p>[\/et_pb_text][\/et_pb_column][\/et_pb_row][\/et_pb_section][et_pb_section fb_built=&#8220;1&#8243; custom_padding_last_edited=&#8220;on|tablet&#8220; admin_label=&#8220;Post Slider&#8220; _builder_version=&#8220;4.21.0&#8243; _module_preset=&#8220;default&#8220; custom_padding=&#8220;40px||||false|false&#8220; custom_padding_tablet=&#8220;0px||||false|false&#8220; custom_padding_phone=&#8220;0px||||false|false&#8220; collapsed=&#8220;on&#8220; global_colors_info=&#8220;{}&#8220; global_module=&#8220;239577&#8243; theme_builder_area=&#8220;post_content&#8220;][et_pb_row _builder_version=&#8220;4.21.0&#8243; _module_preset=&#8220;default&#8220; width=&#8220;100%&#8220; max_width=&#8220;100%&#8220; custom_margin=&#8220;||80px||false|false&#8220; border_width_top=&#8220;1px&#8220; border_color_top=&#8220;#000000&#8243; border_width_bottom=&#8220;1px&#8220; border_color_bottom=&#8220;#000000&#8243; global_colors_info=&#8220;{}&#8220; theme_builder_area=&#8220;post_content&#8220;][et_pb_column type=&#8220;4_4&#8243; _builder_version=&#8220;4.21.0&#8243; _module_preset=&#8220;default&#8220; global_colors_info=&#8220;{}&#8220; theme_builder_area=&#8220;post_content&#8220;][et_pb_text _builder_version=&#8220;4.21.2&#8243; _module_preset=&#8220;default&#8220; text_font=&#8220;Flietext Fett||||||||&#8220; text_text_color=&#8220;#000000&#8243; text_font_size=&#8220;30px&#8220; header_4_font_size=&#8220;40px&#8220; link_option_url=&#8220;https:\/\/www.schoenes-leben.org\/magazin\/newsletter-abonnieren\/&#8220; text_font_size_tablet=&#8220;30px&#8220; text_font_size_phone=&#8220;27px&#8220; text_font_size_last_edited=&#8220;on|phone&#8220; global_colors_info=&#8220;{}&#8220; text_text_color__hover_enabled=&#8220;on|hover&#8220; text_text_color__hover=&#8220;#B99764&#8243; theme_builder_area=&#8220;post_content&#8220;]<h4 style=\"text-align: center;\">Verpassen Sie keine Themen mehr. <span style=\"color: #b99764;\">Jetzt abonnieren<\/span><\/h4>[\/et_pb_text][\/et_pb_column][\/et_pb_row][et_pb_row _builder_version=&#8220;4.21.0&#8243; _module_preset=&#8220;default&#8220; width=&#8220;91%&#8220; max_width=&#8220;1771px&#8220; global_colors_info=&#8220;{}&#8220; theme_builder_area=&#8220;post_content&#8220;][et_pb_column type=&#8220;4_4&#8243; _builder_version=&#8220;4.20.0&#8243; _module_preset=&#8220;default&#8220; global_colors_info=&#8220;{}&#8220; theme_builder_area=&#8220;post_content&#8220;][et_pb_text _builder_version=&#8220;4.21.2&#8243; _module_preset=&#8220;default&#8220; text_font=&#8220;||||||||&#8220; text_text_color=&#8220;#000000&#8243; text_font_size=&#8220;55px&#8220; header_font_size=&#8220;56px&#8220; module_alignment=&#8220;center&#8220; custom_margin=&#8220;||40px||false|false&#8220; text_font_size_tablet=&#8220;55px&#8220; text_font_size_phone=&#8220;42px&#8220; text_font_size_last_edited=&#8220;on|phone&#8220; global_colors_info=&#8220;{}&#8220; theme_builder_area=&#8220;post_content&#8220;]<h1 style=\"text-align: center;\">Lesen Sie auch<\/h1>[\/et_pb_text][et_pb_blog_extras include_current_taxonomy=&#8220;on&#8220; posts_number=&#8220;4&#8243; blog_layout=&#8220;masonry&#8220; masonry_layout=&#8220;grid_extended&#8220; masonry_columns=&#8220;2&#8243; featured_image_size=&#8220;full&#8220; excerpt_length=&#8220;0&#8243; read_more_text=&#8220;jetzt lesen&#8220; show_date=&#8220;off&#8220; show_categories=&#8220;off&#8220; show_comments=&#8220;off&#8220; disabled_on=&#8220;off|off|off&#8220; masonry_columns_tablet=&#8220;2&#8243; masonry_columns_phone=&#8220;1&#8243; masonry_columns_last_edited=&#8220;on|tablet&#8220; _builder_version=&#8220;4.21.2&#8243; _module_preset=&#8220;default&#8220; header_level=&#8220;h4&#8243; header_font=&#8220;||||||||&#8220; header_font_size=&#8220;21px&#8220; header_line_height=&#8220;1.3em&#8220; body_font=&#8220;Flietext||||||||&#8220; body_text_color=&#8220;#000000&#8243; body_line_height=&#8220;1.5em&#8220; meta_text_color=&#8220;#B99764&#8243; meta_line_height=&#8220;1em&#8220; background_color=&#8220;RGBA(255,255,255,0)&#8220; read_more_alignment=&#8220;left&#8220; custom_margin=&#8220;||||false|false&#8220; custom_padding=&#8220;||||false|false&#8220; global_colors_info=&#8220;{}&#8220; theme_builder_area=&#8220;post_content&#8220;][\/et_pb_blog_extras][\/et_pb_column][\/et_pb_row][\/et_pb_section]\n","protected":false},"excerpt":{"rendered":"<p>Als Krankenschwester bestand das Leben von Edelgard Blamberg stets daraus, anderen Menschen zu helfen. Dies tat die liebenswerte 82-J\u00e4hrige mit Herz und Seele im Beruf und schlie\u00dflich auch in ihrer Ehe.<\/p>\n","protected":false},"author":4,"featured_media":239009,"comment_status":"closed","ping_status":"closed","sticky":false,"template":"","format":"standard","meta":{"_et_pb_use_builder":"on","_et_pb_old_content":"","_et_gb_content_width":"2880","footnotes":""},"categories":[11],"tags":[],"class_list":["post-239003","post","type-post","status-publish","format-standard","has-post-thumbnail","hentry","category-lebenfreude"],"yoast_head":"<!-- This site is optimized with the Yoast SEO plugin v27.5 - https:\/\/yoast.com\/product\/yoast-seo-wordpress\/ -->\n<title>Selbstbestimmt im Alter: Lebensgeschichte von Frau Blamberg<\/title>\n<meta name=\"description\" content=\"Selbstbestimmung \u2713 Unterst\u00fctzung \u2713 Lebensqualit\u00e4t \u2713 \u25ba Wie Sie trotz gesundheitlicher Einschr\u00e4nkungen selbstst\u00e4ndig bleiben k\u00f6nnen!\" \/>\n<meta name=\"robots\" content=\"index, follow, max-snippet:-1, max-image-preview:large, max-video-preview:-1\" \/>\n<link rel=\"canonical\" href=\"https:\/\/www.schoenes-leben.org\/magazin\/lebenfreude\/hier-lebe-ich-wieder-ganz-selbstbestimmt-wie-es-mein-wunsch-war\/\" \/>\n<meta property=\"og:locale\" content=\"de_DE\" \/>\n<meta property=\"og:type\" content=\"article\" \/>\n<meta property=\"og:title\" content=\"Selbstbestimmt im Alter: Lebensgeschichte von Frau Blamberg\" \/>\n<meta property=\"og:description\" content=\"Selbstbestimmung \u2713 Unterst\u00fctzung \u2713 Lebensqualit\u00e4t \u2713 \u25ba Wie Sie trotz gesundheitlicher Einschr\u00e4nkungen selbstst\u00e4ndig bleiben k\u00f6nnen!\" \/>\n<meta property=\"og:url\" content=\"https:\/\/www.schoenes-leben.org\/magazin\/lebenfreude\/hier-lebe-ich-wieder-ganz-selbstbestimmt-wie-es-mein-wunsch-war\/\" \/>\n<meta property=\"og:site_name\" content=\"hier&amp;jetzt\" \/>\n<meta property=\"article:published_time\" content=\"2023-07-30T08:09:05+00:00\" \/>\n<meta property=\"article:modified_time\" content=\"2024-12-02T09:42:21+00:00\" \/>\n<meta property=\"og:image\" content=\"https:\/\/www.schoenes-leben.org\/magazin\/wp-content\/uploads\/2023\/07\/Frau-Blamberg-1.jpg\" \/>\n\t<meta property=\"og:image:width\" content=\"1920\" \/>\n\t<meta property=\"og:image:height\" content=\"1080\" \/>\n\t<meta property=\"og:image:type\" content=\"image\/jpeg\" \/>\n<meta name=\"author\" content=\"Helen Bardtenschlager\" \/>\n<meta name=\"twitter:card\" content=\"summary_large_image\" \/>\n<meta name=\"twitter:label1\" content=\"Verfasst von\" \/>\n\t<meta name=\"twitter:data1\" content=\"Helen Bardtenschlager\" \/>\n\t<meta name=\"twitter:label2\" content=\"Gesch\u00e4tzte Lesezeit\" \/>\n\t<meta name=\"twitter:data2\" content=\"8\u00a0Minuten\" \/>\n<script type=\"application\/ld+json\" class=\"yoast-schema-graph\">{\"@context\":\"https:\\\/\\\/schema.org\",\"@graph\":[{\"@type\":\"Article\",\"@id\":\"https:\\\/\\\/www.schoenes-leben.org\\\/magazin\\\/lebenfreude\\\/hier-lebe-ich-wieder-ganz-selbstbestimmt-wie-es-mein-wunsch-war\\\/#article\",\"isPartOf\":{\"@id\":\"https:\\\/\\\/www.schoenes-leben.org\\\/magazin\\\/lebenfreude\\\/hier-lebe-ich-wieder-ganz-selbstbestimmt-wie-es-mein-wunsch-war\\\/\"},\"author\":{\"name\":\"Helen Bardtenschlager\",\"@id\":\"https:\\\/\\\/www.schoenes-leben.org\\\/magazin\\\/#\\\/schema\\\/person\\\/c30be4ce74fc53cd42361789bd74a0c6\"},\"headline\":\"Hier lebe ich wieder ganz selbstbestimmt, wie es mein Wunsch war\",\"datePublished\":\"2023-07-30T08:09:05+00:00\",\"dateModified\":\"2024-12-02T09:42:21+00:00\",\"mainEntityOfPage\":{\"@id\":\"https:\\\/\\\/www.schoenes-leben.org\\\/magazin\\\/lebenfreude\\\/hier-lebe-ich-wieder-ganz-selbstbestimmt-wie-es-mein-wunsch-war\\\/\"},\"wordCount\":2590,\"image\":{\"@id\":\"https:\\\/\\\/www.schoenes-leben.org\\\/magazin\\\/lebenfreude\\\/hier-lebe-ich-wieder-ganz-selbstbestimmt-wie-es-mein-wunsch-war\\\/#primaryimage\"},\"thumbnailUrl\":\"https:\\\/\\\/www.schoenes-leben.org\\\/magazin\\\/wp-content\\\/uploads\\\/2023\\\/07\\\/Frau-Blamberg-1.jpg\",\"articleSection\":[\"Lebenfreude\"],\"inLanguage\":\"de\"},{\"@type\":\"WebPage\",\"@id\":\"https:\\\/\\\/www.schoenes-leben.org\\\/magazin\\\/lebenfreude\\\/hier-lebe-ich-wieder-ganz-selbstbestimmt-wie-es-mein-wunsch-war\\\/\",\"url\":\"https:\\\/\\\/www.schoenes-leben.org\\\/magazin\\\/lebenfreude\\\/hier-lebe-ich-wieder-ganz-selbstbestimmt-wie-es-mein-wunsch-war\\\/\",\"name\":\"Selbstbestimmt im Alter: Lebensgeschichte von Frau Blamberg\",\"isPartOf\":{\"@id\":\"https:\\\/\\\/www.schoenes-leben.org\\\/magazin\\\/#website\"},\"primaryImageOfPage\":{\"@id\":\"https:\\\/\\\/www.schoenes-leben.org\\\/magazin\\\/lebenfreude\\\/hier-lebe-ich-wieder-ganz-selbstbestimmt-wie-es-mein-wunsch-war\\\/#primaryimage\"},\"image\":{\"@id\":\"https:\\\/\\\/www.schoenes-leben.org\\\/magazin\\\/lebenfreude\\\/hier-lebe-ich-wieder-ganz-selbstbestimmt-wie-es-mein-wunsch-war\\\/#primaryimage\"},\"thumbnailUrl\":\"https:\\\/\\\/www.schoenes-leben.org\\\/magazin\\\/wp-content\\\/uploads\\\/2023\\\/07\\\/Frau-Blamberg-1.jpg\",\"datePublished\":\"2023-07-30T08:09:05+00:00\",\"dateModified\":\"2024-12-02T09:42:21+00:00\",\"author\":{\"@id\":\"https:\\\/\\\/www.schoenes-leben.org\\\/magazin\\\/#\\\/schema\\\/person\\\/c30be4ce74fc53cd42361789bd74a0c6\"},\"description\":\"Selbstbestimmung \u2713 Unterst\u00fctzung \u2713 Lebensqualit\u00e4t \u2713 \u25ba Wie Sie trotz gesundheitlicher Einschr\u00e4nkungen selbstst\u00e4ndig bleiben k\u00f6nnen!\",\"breadcrumb\":{\"@id\":\"https:\\\/\\\/www.schoenes-leben.org\\\/magazin\\\/lebenfreude\\\/hier-lebe-ich-wieder-ganz-selbstbestimmt-wie-es-mein-wunsch-war\\\/#breadcrumb\"},\"inLanguage\":\"de\",\"potentialAction\":[{\"@type\":\"ReadAction\",\"target\":[\"https:\\\/\\\/www.schoenes-leben.org\\\/magazin\\\/lebenfreude\\\/hier-lebe-ich-wieder-ganz-selbstbestimmt-wie-es-mein-wunsch-war\\\/\"]}]},{\"@type\":\"ImageObject\",\"inLanguage\":\"de\",\"@id\":\"https:\\\/\\\/www.schoenes-leben.org\\\/magazin\\\/lebenfreude\\\/hier-lebe-ich-wieder-ganz-selbstbestimmt-wie-es-mein-wunsch-war\\\/#primaryimage\",\"url\":\"https:\\\/\\\/www.schoenes-leben.org\\\/magazin\\\/wp-content\\\/uploads\\\/2023\\\/07\\\/Frau-Blamberg-1.jpg\",\"contentUrl\":\"https:\\\/\\\/www.schoenes-leben.org\\\/magazin\\\/wp-content\\\/uploads\\\/2023\\\/07\\\/Frau-Blamberg-1.jpg\",\"width\":1920,\"height\":1080},{\"@type\":\"BreadcrumbList\",\"@id\":\"https:\\\/\\\/www.schoenes-leben.org\\\/magazin\\\/lebenfreude\\\/hier-lebe-ich-wieder-ganz-selbstbestimmt-wie-es-mein-wunsch-war\\\/#breadcrumb\",\"itemListElement\":[{\"@type\":\"ListItem\",\"position\":1,\"name\":\"Startseite\",\"item\":\"https:\\\/\\\/www.schoenes-leben.org\\\/magazin\\\/\"},{\"@type\":\"ListItem\",\"position\":2,\"name\":\"Hier lebe ich wieder ganz selbstbestimmt, wie es mein Wunsch war\"}]},{\"@type\":\"WebSite\",\"@id\":\"https:\\\/\\\/www.schoenes-leben.org\\\/magazin\\\/#website\",\"url\":\"https:\\\/\\\/www.schoenes-leben.org\\\/magazin\\\/\",\"name\":\"hier&amp;jetzt\",\"description\":\"Das Magazin der SCH\u00d6NES LEBEN Gruppe\",\"potentialAction\":[{\"@type\":\"SearchAction\",\"target\":{\"@type\":\"EntryPoint\",\"urlTemplate\":\"https:\\\/\\\/www.schoenes-leben.org\\\/magazin\\\/?s={search_term_string}\"},\"query-input\":{\"@type\":\"PropertyValueSpecification\",\"valueRequired\":true,\"valueName\":\"search_term_string\"}}],\"inLanguage\":\"de\"},{\"@type\":\"Person\",\"@id\":\"https:\\\/\\\/www.schoenes-leben.org\\\/magazin\\\/#\\\/schema\\\/person\\\/c30be4ce74fc53cd42361789bd74a0c6\",\"name\":\"Helen Bardtenschlager\",\"image\":{\"@type\":\"ImageObject\",\"inLanguage\":\"de\",\"@id\":\"https:\\\/\\\/secure.gravatar.com\\\/avatar\\\/798d59a1e97d59667ea77ec8b12020709e07e01a45c8cd190335742914f70bcb?s=96&d=mm&r=g\",\"url\":\"https:\\\/\\\/secure.gravatar.com\\\/avatar\\\/798d59a1e97d59667ea77ec8b12020709e07e01a45c8cd190335742914f70bcb?s=96&d=mm&r=g\",\"contentUrl\":\"https:\\\/\\\/secure.gravatar.com\\\/avatar\\\/798d59a1e97d59667ea77ec8b12020709e07e01a45c8cd190335742914f70bcb?s=96&d=mm&r=g\",\"caption\":\"Helen Bardtenschlager\"},\"url\":\"https:\\\/\\\/www.schoenes-leben.org\\\/magazin\\\/author\\\/helen-bardtenschlager\\\/\"}]}<\/script>\n<!-- \/ Yoast SEO plugin. -->","yoast_head_json":{"title":"Selbstbestimmt im Alter: Lebensgeschichte von Frau Blamberg","description":"Selbstbestimmung \u2713 Unterst\u00fctzung \u2713 Lebensqualit\u00e4t \u2713 \u25ba Wie Sie trotz gesundheitlicher Einschr\u00e4nkungen selbstst\u00e4ndig bleiben k\u00f6nnen!","robots":{"index":"index","follow":"follow","max-snippet":"max-snippet:-1","max-image-preview":"max-image-preview:large","max-video-preview":"max-video-preview:-1"},"canonical":"https:\/\/www.schoenes-leben.org\/magazin\/lebenfreude\/hier-lebe-ich-wieder-ganz-selbstbestimmt-wie-es-mein-wunsch-war\/","og_locale":"de_DE","og_type":"article","og_title":"Selbstbestimmt im Alter: Lebensgeschichte von Frau Blamberg","og_description":"Selbstbestimmung \u2713 Unterst\u00fctzung \u2713 Lebensqualit\u00e4t \u2713 \u25ba Wie Sie trotz gesundheitlicher Einschr\u00e4nkungen selbstst\u00e4ndig bleiben k\u00f6nnen!","og_url":"https:\/\/www.schoenes-leben.org\/magazin\/lebenfreude\/hier-lebe-ich-wieder-ganz-selbstbestimmt-wie-es-mein-wunsch-war\/","og_site_name":"hier&amp;jetzt","article_published_time":"2023-07-30T08:09:05+00:00","article_modified_time":"2024-12-02T09:42:21+00:00","og_image":[{"width":1920,"height":1080,"url":"https:\/\/www.schoenes-leben.org\/magazin\/wp-content\/uploads\/2023\/07\/Frau-Blamberg-1.jpg","type":"image\/jpeg"}],"author":"Helen Bardtenschlager","twitter_card":"summary_large_image","twitter_misc":{"Verfasst von":"Helen Bardtenschlager","Gesch\u00e4tzte Lesezeit":"8\u00a0Minuten"},"schema":{"@context":"https:\/\/schema.org","@graph":[{"@type":"Article","@id":"https:\/\/www.schoenes-leben.org\/magazin\/lebenfreude\/hier-lebe-ich-wieder-ganz-selbstbestimmt-wie-es-mein-wunsch-war\/#article","isPartOf":{"@id":"https:\/\/www.schoenes-leben.org\/magazin\/lebenfreude\/hier-lebe-ich-wieder-ganz-selbstbestimmt-wie-es-mein-wunsch-war\/"},"author":{"name":"Helen Bardtenschlager","@id":"https:\/\/www.schoenes-leben.org\/magazin\/#\/schema\/person\/c30be4ce74fc53cd42361789bd74a0c6"},"headline":"Hier lebe ich wieder ganz selbstbestimmt, wie es mein Wunsch war","datePublished":"2023-07-30T08:09:05+00:00","dateModified":"2024-12-02T09:42:21+00:00","mainEntityOfPage":{"@id":"https:\/\/www.schoenes-leben.org\/magazin\/lebenfreude\/hier-lebe-ich-wieder-ganz-selbstbestimmt-wie-es-mein-wunsch-war\/"},"wordCount":2590,"image":{"@id":"https:\/\/www.schoenes-leben.org\/magazin\/lebenfreude\/hier-lebe-ich-wieder-ganz-selbstbestimmt-wie-es-mein-wunsch-war\/#primaryimage"},"thumbnailUrl":"https:\/\/www.schoenes-leben.org\/magazin\/wp-content\/uploads\/2023\/07\/Frau-Blamberg-1.jpg","articleSection":["Lebenfreude"],"inLanguage":"de"},{"@type":"WebPage","@id":"https:\/\/www.schoenes-leben.org\/magazin\/lebenfreude\/hier-lebe-ich-wieder-ganz-selbstbestimmt-wie-es-mein-wunsch-war\/","url":"https:\/\/www.schoenes-leben.org\/magazin\/lebenfreude\/hier-lebe-ich-wieder-ganz-selbstbestimmt-wie-es-mein-wunsch-war\/","name":"Selbstbestimmt im Alter: Lebensgeschichte von Frau Blamberg","isPartOf":{"@id":"https:\/\/www.schoenes-leben.org\/magazin\/#website"},"primaryImageOfPage":{"@id":"https:\/\/www.schoenes-leben.org\/magazin\/lebenfreude\/hier-lebe-ich-wieder-ganz-selbstbestimmt-wie-es-mein-wunsch-war\/#primaryimage"},"image":{"@id":"https:\/\/www.schoenes-leben.org\/magazin\/lebenfreude\/hier-lebe-ich-wieder-ganz-selbstbestimmt-wie-es-mein-wunsch-war\/#primaryimage"},"thumbnailUrl":"https:\/\/www.schoenes-leben.org\/magazin\/wp-content\/uploads\/2023\/07\/Frau-Blamberg-1.jpg","datePublished":"2023-07-30T08:09:05+00:00","dateModified":"2024-12-02T09:42:21+00:00","author":{"@id":"https:\/\/www.schoenes-leben.org\/magazin\/#\/schema\/person\/c30be4ce74fc53cd42361789bd74a0c6"},"description":"Selbstbestimmung \u2713 Unterst\u00fctzung \u2713 Lebensqualit\u00e4t \u2713 \u25ba Wie Sie trotz gesundheitlicher Einschr\u00e4nkungen selbstst\u00e4ndig bleiben k\u00f6nnen!","breadcrumb":{"@id":"https:\/\/www.schoenes-leben.org\/magazin\/lebenfreude\/hier-lebe-ich-wieder-ganz-selbstbestimmt-wie-es-mein-wunsch-war\/#breadcrumb"},"inLanguage":"de","potentialAction":[{"@type":"ReadAction","target":["https:\/\/www.schoenes-leben.org\/magazin\/lebenfreude\/hier-lebe-ich-wieder-ganz-selbstbestimmt-wie-es-mein-wunsch-war\/"]}]},{"@type":"ImageObject","inLanguage":"de","@id":"https:\/\/www.schoenes-leben.org\/magazin\/lebenfreude\/hier-lebe-ich-wieder-ganz-selbstbestimmt-wie-es-mein-wunsch-war\/#primaryimage","url":"https:\/\/www.schoenes-leben.org\/magazin\/wp-content\/uploads\/2023\/07\/Frau-Blamberg-1.jpg","contentUrl":"https:\/\/www.schoenes-leben.org\/magazin\/wp-content\/uploads\/2023\/07\/Frau-Blamberg-1.jpg","width":1920,"height":1080},{"@type":"BreadcrumbList","@id":"https:\/\/www.schoenes-leben.org\/magazin\/lebenfreude\/hier-lebe-ich-wieder-ganz-selbstbestimmt-wie-es-mein-wunsch-war\/#breadcrumb","itemListElement":[{"@type":"ListItem","position":1,"name":"Startseite","item":"https:\/\/www.schoenes-leben.org\/magazin\/"},{"@type":"ListItem","position":2,"name":"Hier lebe ich wieder ganz selbstbestimmt, wie es mein Wunsch war"}]},{"@type":"WebSite","@id":"https:\/\/www.schoenes-leben.org\/magazin\/#website","url":"https:\/\/www.schoenes-leben.org\/magazin\/","name":"hier&amp;jetzt","description":"Das Magazin der SCH\u00d6NES LEBEN Gruppe","potentialAction":[{"@type":"SearchAction","target":{"@type":"EntryPoint","urlTemplate":"https:\/\/www.schoenes-leben.org\/magazin\/?s={search_term_string}"},"query-input":{"@type":"PropertyValueSpecification","valueRequired":true,"valueName":"search_term_string"}}],"inLanguage":"de"},{"@type":"Person","@id":"https:\/\/www.schoenes-leben.org\/magazin\/#\/schema\/person\/c30be4ce74fc53cd42361789bd74a0c6","name":"Helen Bardtenschlager","image":{"@type":"ImageObject","inLanguage":"de","@id":"https:\/\/secure.gravatar.com\/avatar\/798d59a1e97d59667ea77ec8b12020709e07e01a45c8cd190335742914f70bcb?s=96&d=mm&r=g","url":"https:\/\/secure.gravatar.com\/avatar\/798d59a1e97d59667ea77ec8b12020709e07e01a45c8cd190335742914f70bcb?s=96&d=mm&r=g","contentUrl":"https:\/\/secure.gravatar.com\/avatar\/798d59a1e97d59667ea77ec8b12020709e07e01a45c8cd190335742914f70bcb?s=96&d=mm&r=g","caption":"Helen Bardtenschlager"},"url":"https:\/\/www.schoenes-leben.org\/magazin\/author\/helen-bardtenschlager\/"}]}},"_links":{"self":[{"href":"https:\/\/www.schoenes-leben.org\/magazin\/wp-json\/wp\/v2\/posts\/239003","targetHints":{"allow":["GET"]}}],"collection":[{"href":"https:\/\/www.schoenes-leben.org\/magazin\/wp-json\/wp\/v2\/posts"}],"about":[{"href":"https:\/\/www.schoenes-leben.org\/magazin\/wp-json\/wp\/v2\/types\/post"}],"author":[{"embeddable":true,"href":"https:\/\/www.schoenes-leben.org\/magazin\/wp-json\/wp\/v2\/users\/4"}],"replies":[{"embeddable":true,"href":"https:\/\/www.schoenes-leben.org\/magazin\/wp-json\/wp\/v2\/comments?post=239003"}],"version-history":[{"count":9,"href":"https:\/\/www.schoenes-leben.org\/magazin\/wp-json\/wp\/v2\/posts\/239003\/revisions"}],"predecessor-version":[{"id":239646,"href":"https:\/\/www.schoenes-leben.org\/magazin\/wp-json\/wp\/v2\/posts\/239003\/revisions\/239646"}],"wp:featuredmedia":[{"embeddable":true,"href":"https:\/\/www.schoenes-leben.org\/magazin\/wp-json\/wp\/v2\/media\/239009"}],"wp:attachment":[{"href":"https:\/\/www.schoenes-leben.org\/magazin\/wp-json\/wp\/v2\/media?parent=239003"}],"wp:term":[{"taxonomy":"category","embeddable":true,"href":"https:\/\/www.schoenes-leben.org\/magazin\/wp-json\/wp\/v2\/categories?post=239003"},{"taxonomy":"post_tag","embeddable":true,"href":"https:\/\/www.schoenes-leben.org\/magazin\/wp-json\/wp\/v2\/tags?post=239003"}],"curies":[{"name":"wp","href":"https:\/\/api.w.org\/{rel}","templated":true}]}}