{"id":239016,"date":"2023-07-30T08:20:23","date_gmt":"2023-07-30T08:20:23","guid":{"rendered":"https:\/\/www.schoenes-leben.org\/magazin\/?p=239016"},"modified":"2024-12-02T09:04:36","modified_gmt":"2024-12-02T09:04:36","slug":"die-einsamkeit-hat-mich-krank-gemacht-aber-jetzt-habe-ich-ein-neues-leben-begonnen","status":"publish","type":"post","link":"https:\/\/www.schoenes-leben.org\/magazin\/lebenfreude\/die-einsamkeit-hat-mich-krank-gemacht-aber-jetzt-habe-ich-ein-neues-leben-begonnen\/","title":{"rendered":"Die Einsamkeit hat mich krank gemacht, aber jetzt habe ich ein neues Leben begonnen"},"content":{"rendered":"\n[et_pb_section fb_built=&#8220;1&#8243; custom_padding_last_edited=&#8220;on|phone&#8220; _builder_version=&#8220;4.21.0&#8243; _module_preset=&#8220;default&#8220; custom_padding_tablet=&#8220;&#8220; custom_padding_phone=&#8220;0px||||false|false&#8220; global_colors_info=&#8220;{}&#8220;][et_pb_row _builder_version=&#8220;4.21.0&#8243; _module_preset=&#8220;default&#8220; width_tablet=&#8220;&#8220; width_phone=&#8220;95%&#8220; width_last_edited=&#8220;on|phone&#8220; custom_margin=&#8220;0px||0px||false|false&#8220; custom_padding=&#8220;10px||10px||false|false&#8220; global_colors_info=&#8220;{}&#8220;][et_pb_column type=&#8220;4_4&#8243; _builder_version=&#8220;4.21.0&#8243; _module_preset=&#8220;default&#8220; global_colors_info=&#8220;{}&#8220;][lwp_divi_breadcrumbs home_text=&#8220;Magazin&#8220; before_text=&#8220;Sie sind hier: &#8220; use_before_icon=&#8220;off&#8220; link_color=&#8220;#B99764&#8243; separator_color=&#8220;#000000&#8243; current_text_color=&#8220;#B99764&#8243; _builder_version=&#8220;4.21.2&#8243; _module_preset=&#8220;default&#8220; module_font=&#8220;||||||||&#8220; module_text_align=&#8220;center&#8220; module_text_color=&#8220;#000000&#8243; module_font_size=&#8220;13px&#8220; text_orientation=&#8220;center&#8220; module_alignment=&#8220;center&#8220; global_colors_info=&#8220;{}&#8220;][\/lwp_divi_breadcrumbs][\/et_pb_column][\/et_pb_row][et_pb_row _builder_version=&#8220;4.21.0&#8243; _module_preset=&#8220;default&#8220; width_tablet=&#8220;&#8220; width_phone=&#8220;95%&#8220; width_last_edited=&#8220;on|phone&#8220; max_width_tablet=&#8220;&#8220; max_width_phone=&#8220;95%&#8220; max_width_last_edited=&#8220;on|phone&#8220; global_colors_info=&#8220;{}&#8220;][et_pb_column type=&#8220;4_4&#8243; _builder_version=&#8220;4.21.0&#8243; _module_preset=&#8220;default&#8220; global_colors_info=&#8220;{}&#8220;][et_pb_text _builder_version=&#8220;4.21.2&#8243; _module_preset=&#8220;default&#8220; text_font=&#8220;Ueberschrift|||on|||||&#8220; text_text_color=&#8220;#B99764&#8243; text_font_size=&#8220;100px&#8220; text_line_height=&#8220;1.1em&#8220; header_font=&#8220;|||on|||||&#8220; header_text_color=&#8220;#B99764&#8243; header_font_size=&#8220;69px&#8220; header_line_height=&#8220;1.1em&#8220; text_orientation=&#8220;center&#8220; max_width=&#8220;94%&#8220; module_alignment=&#8220;center&#8220; text_font_size_tablet=&#8220;75px&#8220; text_font_size_phone=&#8220;35px&#8220; text_font_size_last_edited=&#8220;on|phone&#8220; text_line_height_tablet=&#8220;1.1em&#8220; text_line_height_phone=&#8220;1.3em&#8220; text_line_height_last_edited=&#8220;on|phone&#8220; header_font_size_tablet=&#8220;75px&#8220; header_font_size_phone=&#8220;33px&#8220; header_font_size_last_edited=&#8220;on|phone&#8220; global_colors_info=&#8220;{}&#8220;]<h1>Die Einsamkeit hat mich krank gemacht, aber jetzt habe ich ein neues Leben begonnen<\/h1>[\/et_pb_text][et_pb_text _builder_version=&#8220;4.21.2&#8243; _module_preset=&#8220;default&#8220; text_font=&#8220;Unterueberschrift|||on|||||&#8220; text_text_color=&#8220;#000000&#8243; text_font_size=&#8220;13px&#8220; text_line_height=&#8220;1.3em&#8220; header_5_font_size=&#8220;17px&#8220; header_5_line_height=&#8220;1.2em&#8220; text_orientation=&#8220;center&#8220; max_width_tablet=&#8220;&#8220; max_width_phone=&#8220;70%&#8220; max_width_last_edited=&#8220;on|phone&#8220; module_alignment=&#8220;center&#8220; link_option_url=&#8220;#author-box&#8220; text_font_size_tablet=&#8220;13px&#8220; text_font_size_phone=&#8220;11px&#8220; text_font_size_last_edited=&#8220;on|phone&#8220; global_colors_info=&#8220;{}&#8220;]<h5>Verfasst von <strong>Helen Bardtenschlager<\/strong><\/h5>[\/et_pb_text][\/et_pb_column][\/et_pb_row][et_pb_row module_id=&#8220;was-braucht-man-fuer-yoga&#8220; _builder_version=&#8220;4.21.0&#8243; _module_preset=&#8220;default&#8220; width_tablet=&#8220;&#8220; width_phone=&#8220;95%&#8220; width_last_edited=&#8220;on|phone&#8220; max_width=&#8220;942px&#8220; global_colors_info=&#8220;{}&#8220;][et_pb_column type=&#8220;4_4&#8243; _builder_version=&#8220;4.21.0&#8243; _module_preset=&#8220;default&#8220; global_colors_info=&#8220;{}&#8220;][et_pb_text _builder_version=&#8220;4.21.0&#8243; _module_preset=&#8220;default&#8220; text_font=&#8220;Flietext||||||||&#8220; text_text_color=&#8220;#000000&#8243; global_colors_info=&#8220;{}&#8220;]<div class=\"fusion-layout-column fusion_builder_column fusion-builder-column-1 fusion_builder_column_1_2 1_2 fusion-flex-column\" style=\"--awb-bg-size: cover; --awb-width-large: 50%; --awb-margin-top-large: 0px; --awb-spacing-right-large: 3.84%; --awb-margin-bottom-large: 20px; --awb-spacing-left-large: 3.84%; --awb-width-medium: 100%; --awb-order-medium: 0; --awb-spacing-right-medium: 1.92%; --awb-spacing-left-medium: 1.92%; --awb-width-small: 100%; --awb-order-small: 0; --awb-spacing-right-small: 1.92%; --awb-spacing-left-small: 1.92%;\" data-motion-effects=\"[{&quot;type&quot;:&quot;&quot;,&quot;scroll_type&quot;:&quot;transition&quot;,&quot;scroll_direction&quot;:&quot;up&quot;,&quot;transition_speed&quot;:&quot;1&quot;,&quot;fade_type&quot;:&quot;in&quot;,&quot;scale_type&quot;:&quot;up&quot;,&quot;initial_scale&quot;:&quot;1&quot;,&quot;max_scale&quot;:&quot;1.5&quot;,&quot;min_scale&quot;:&quot;0.5&quot;,&quot;initial_rotate&quot;:&quot;0&quot;,&quot;end_rotate&quot;:&quot;30&quot;,&quot;initial_blur&quot;:&quot;0&quot;,&quot;end_blur&quot;:&quot;3&quot;,&quot;start_element&quot;:&quot;top&quot;,&quot;start_viewport&quot;:&quot;bottom&quot;,&quot;end_element&quot;:&quot;bottom&quot;,&quot;end_viewport&quot;:&quot;top&quot;,&quot;mouse_effect&quot;:&quot;track&quot;,&quot;mouse_effect_direction&quot;:&quot;opposite&quot;,&quot;mouse_effect_speed&quot;:&quot;2&quot;,&quot;infinite_animation&quot;:&quot;float&quot;,&quot;infinite_animation_speed&quot;:&quot;2&quot;}]\" data-scroll-devices=\"small-visibility,medium-visibility,large-visibility\">\n<div class=\"fusion-column-wrapper fusion-column-has-shadow fusion-flex-justify-content-flex-start fusion-content-layout-column\">\n<div class=\"fusion-text fusion-text-1\">\n<div class=\"fusion-layout-column fusion_builder_column fusion-builder-column-1 fusion_builder_column_1_2 1_2 fusion-flex-column\" style=\"--awb-bg-size: cover; --awb-width-large: 50%; --awb-margin-top-large: 0px; --awb-spacing-right-large: 3.84%; --awb-margin-bottom-large: 20px; --awb-spacing-left-large: 3.84%; --awb-width-medium: 100%; --awb-order-medium: 0; --awb-spacing-right-medium: 1.92%; --awb-spacing-left-medium: 1.92%; --awb-width-small: 100%; --awb-order-small: 0; --awb-spacing-right-small: 1.92%; --awb-spacing-left-small: 1.92%;\">\n<div class=\"fusion-column-wrapper fusion-column-has-shadow fusion-flex-justify-content-flex-start fusion-content-layout-column\">\n<div class=\"fusion-text fusion-text-1\">\n<p><em>Die Stimme der 76-j\u00e4hrigen Christel Roth k\u00f6nnte nicht frischer und lebendiger sein. Voller Energie erz\u00e4hlt die studierte Bibliothekarin von ihrem Umzug von Magdeburg nach Gotha und schw\u00e4rmt in h\u00f6chsten T\u00f6nen vom Leben in Gemeinschaft und Geselligkeit. Lachen ist ihr Geheimrezept und es ist sch\u00f6n, dass sie dies nun im SCH\u00d6NES LEBEN Gotha am Neumarkt wiedergefunden hat.<\/em><\/p>\n<p>\u201eWissen Sie, wenn man ein Leben lang Menschen um sich hat, in einer Gemeinschaft lebt und sich dann pl\u00f6tzlich allein f\u00fchlt, das ist etwas ganz Furchtbares. Einsamkeit ist \u00e4u\u00dferst gef\u00e4hrlich. Nach dem Tod meines Mannes im Mai letzten Jahres wurde ich v\u00f6llig aus der Bahn geworfen, ich k\u00e4mpfte mit der Einsamkeit und fragte mich, wozu lebe ich eigentlich noch. Ich konnte mich an nichts mehr erfreuen und jeden Tag wurde es schlimmer. Ich \u00f6ffnete die T\u00fcr unseres gemeinsamen Hauses in Magdeburg, wo wir \u00fcber 30 Jahre lebten, aber anstatt die Blumenpracht im Garten zu genie\u00dfen und den Pool voller Freude zu nutzen, brach Traurigkeit, Melancholie und Starre \u00fcber mich herein. Diese Ruhe im Haus hat mich depressiv gemacht. Ich wurde krank! Die \u00c4rzte schickten mich schlie\u00dflich zur Reha. Als ich nach der Kur nach Hause kehrte und mich auf die Bank im Garten setzte, war mir klar: ich muss etwas \u00e4ndern. Ich rief meinen Sohn Torsten in Gotha an und erz\u00e4hlte ihm von meiner Idee nach Th\u00fcringen zu ziehen.<\/p>\n<\/div>\n<\/div>\n<\/div>\n<\/div>\n<\/div>\n<\/div>[\/et_pb_text][\/et_pb_column][\/et_pb_row][et_pb_row _builder_version=&#8220;4.21.0&#8243; _module_preset=&#8220;default&#8220; width_tablet=&#8220;&#8220; width_phone=&#8220;95%&#8220; width_last_edited=&#8220;on|phone&#8220; max_width=&#8220;942px&#8220; global_colors_info=&#8220;{}&#8220;][et_pb_column type=&#8220;4_4&#8243; _builder_version=&#8220;4.21.0&#8243; _module_preset=&#8220;default&#8220; global_colors_info=&#8220;{}&#8220;][et_pb_image src=&#8220;https:\/\/www.schoenes-leben.org\/magazin\/wp-content\/uploads\/2023\/07\/Lebensgeschichte-Roth.jpg&#8220; title_text=&#8220;Lebensgeschichte Exklusives Service-Wohnen&#8220; show_in_lightbox=&#8220;on&#8220; align=&#8220;center&#8220; _builder_version=&#8220;4.24.0&#8243; _module_preset=&#8220;default&#8220; max_width=&#8220;76%&#8220; custom_margin=&#8220;||7px||false|false&#8220; hover_enabled=&#8220;0&#8243; global_colors_info=&#8220;{}&#8220; alt=&#8220;Wundervolle Lebensgeschichte&#8220; sticky_enabled=&#8220;0&#8243;][\/et_pb_image][\/et_pb_column][\/et_pb_row][et_pb_row module_id=&#8220;anker1&#8243; _builder_version=&#8220;4.21.0&#8243; _module_preset=&#8220;default&#8220; width_tablet=&#8220;&#8220; width_phone=&#8220;95%&#8220; width_last_edited=&#8220;on|phone&#8220; max_width=&#8220;942px&#8220; global_colors_info=&#8220;{}&#8220;][et_pb_column type=&#8220;4_4&#8243; _builder_version=&#8220;4.21.0&#8243; _module_preset=&#8220;default&#8220; global_colors_info=&#8220;{}&#8220;][et_pb_text _builder_version=&#8220;4.24.0&#8243; _module_preset=&#8220;default&#8220; text_font=&#8220;Flietext||||||||&#8220; text_text_color=&#8220;#000000&#8243; hover_enabled=&#8220;0&#8243; global_colors_info=&#8220;{}&#8220; sticky_enabled=&#8220;0&#8243;]<p class=\"fusion-text fusion-text-2\">Torsten und seine Familie waren \u00fcbergl\u00fccklich, er h\u00f6rte sich um und fand die sch\u00f6nste Wohnung f\u00fcr mich. 5 Meter Balkon, helle R\u00e4ume, mit Blick \u00fcber die beeindruckende Residenzstadt und bis in den Th\u00fcringer Wald hin\u00fcber \u2013 die gebe ich nie wieder her. Hier starte ich meinen Lebensabend. Ich verkaufte das Haus und zog nach Gotha. Als ich in meiner neuen Wohnung mit Schrecken feststellte, dass die Stellfl\u00e4che f\u00fcr meine alten M\u00f6bel nicht reicht, entschloss ich diese kurzerhand dem Magdeburger Sozialkaufhaus zu schenken. Die haben sie gut gebrauchen k\u00f6nnen und ich konnte Leuten sogar helfen. Ich selbst richtete mich neu ein. Seit zwei Monaten wohne ich nun hier und ich muss sagen, ich habe ein neues Leben begonnen. Ich vermisse Magdeburg noch nicht einmal, glauben Sie das? Nach 54 Jahren! Schon am ersten Tag hatte ich neue Kontakte und nach zwei Wochen war ich v\u00f6llig angekommen. Es f\u00fchlt sich an, als w\u00e4re ich schon ewig hier und das liegt daran, dass ich in eine Familie aufgenommen wurde. Hier habe ich Menschenkontakt. In meinem neuen Zuhause bin ich nicht mehr allein. Uns alle besch\u00e4ftigen \u00e4hnliche Schicksale, gleiche Geschichten und das verbindet uns.<\/p>[\/et_pb_text][\/et_pb_column][\/et_pb_row][et_pb_row module_id=&#8220;was-braucht-man-fuer-yoga&#8220; _builder_version=&#8220;4.21.0&#8243; _module_preset=&#8220;default&#8220; width_tablet=&#8220;&#8220; width_phone=&#8220;95%&#8220; width_last_edited=&#8220;on|phone&#8220; max_width=&#8220;942px&#8220; custom_margin=&#8220;90px||110px||false|false&#8220; global_colors_info=&#8220;{}&#8220;][et_pb_column type=&#8220;4_4&#8243; _builder_version=&#8220;4.21.0&#8243; _module_preset=&#8220;default&#8220; global_colors_info=&#8220;{}&#8220;][et_pb_text _builder_version=&#8220;4.21.2&#8243; _module_preset=&#8220;default&#8220; text_font=&#8220;|||on|||||&#8220; text_text_color=&#8220;#B99764&#8243; text_font_size=&#8220;49px&#8220; text_line_height=&#8220;1.1em&#8220; header_2_text_color=&#8220;#B99764&#8243; header_2_font_size=&#8220;48px&#8220; header_2_line_height=&#8220;1.2em&#8220; text_orientation=&#8220;center&#8220; text_font_size_tablet=&#8220;40px&#8220; text_font_size_phone=&#8220;35px&#8220; text_font_size_last_edited=&#8220;on|phone&#8220; text_line_height_tablet=&#8220;1.1em&#8220; text_line_height_phone=&#8220;1.3em&#8220; text_line_height_last_edited=&#8220;on|phone&#8220; header_2_font_size_tablet=&#8220;43px&#8220; header_2_font_size_phone=&#8220;28px&#8220; header_2_font_size_last_edited=&#8220;on|tablet&#8220; global_colors_info=&#8220;{}&#8220;]<h2>\u00bb<br \/>SEIT ICH BEI SCH\u00d6NES LEBEN GOTHA AM NEUMARKT EINGEZOGEN BIN, BIN ICH WIEDER SO GEWORDEN, WIE ICH FR\u00dcHER WAR.<br \/>\u00bb<\/h2>[\/et_pb_text][\/et_pb_column][\/et_pb_row][et_pb_row module_id=&#8220;was-braucht-man-fuer-yoga&#8220; _builder_version=&#8220;4.21.0&#8243; _module_preset=&#8220;default&#8220; width_tablet=&#8220;&#8220; width_phone=&#8220;95%&#8220; width_last_edited=&#8220;on|phone&#8220; max_width=&#8220;942px&#8220; global_colors_info=&#8220;{}&#8220;][et_pb_column type=&#8220;4_4&#8243; _builder_version=&#8220;4.21.0&#8243; _module_preset=&#8220;default&#8220; global_colors_info=&#8220;{}&#8220;][et_pb_text _builder_version=&#8220;4.21.0&#8243; _module_preset=&#8220;default&#8220; text_font=&#8220;Flietext||||||||&#8220; text_text_color=&#8220;#000000&#8243; global_colors_info=&#8220;{}&#8220;]<p>Auf das t\u00e4gliche k\u00f6stliche Mittagessen in unserem modernen Restaurant freue ich mich immer ganz besonders. Schon beim Runtergehen, l\u00e4chle ich und wenn ich dann am \u201eStammtisch\u201c sitze wei\u00df ich, gleich lachen wir gemeinsam \u2013 ja, manchmal bl\u00f6deln wir sogar. Letztens beim Essen klagte Herr M. (das ist eine Ulknudel) \u201eIch habe in der Waschmaschine mein bestes Hemd ruiniert, das krieg\u2018 ich nie wieder hin\u201c. Ich habe ihm dann meine Hilfe angeboten und b\u00fcgelte das gute St\u00fcck wieder passend. Ich b\u00fcgelte schon immer gern und hier wurde diese Kunst sogar gebraucht. Ist das nicht herrlich? Es ist wirklich unglaublich, wie wohl ich mich hier f\u00fchle. Alle, wirklich Alle f\u00fchlen sich wohl.<\/p>\n<p>Nachmittags g\u00f6nnen wir uns Kaffee und Kuchen, jetzt auch mal einen Gl\u00fchwein und dann nehme ich regelm\u00e4\u00dfig an den Veranstaltungen teil. Hier liebe ich das Gemeinschaftsgef\u00fchl auch immer sehr. Spieleabende und Bingo sind nicht so mein Ding, ich gehe zu den Vortr\u00e4gen und Lesungen. Als Bibliothekarin habe ich fr\u00fcher selbst Vortr\u00e4ge gehalten und nun genie\u00dfe ich sie als Zuh\u00f6rerin. Da bekomme ich immer wieder inspirierende Informationen. Letztens lauschte ich einer Pr\u00e4sentation \u00fcber Island. Ein tolles Land. Der Dresdner Kreuzchor, der letzte Woche ein Konzert im Haus veranstaltete, hat mich auch begeistert. Ach ja, und Sport mache ich nun auch wieder. Gymnastik \u2013 man muss ja fit bleiben. Montag geht\u2019s wieder los. Und bald starte ich auch wieder mit Sauna \u2013 die erreiche ich von hieraus gut. Grunds\u00e4tzlich ist es sehr praktisch f\u00fcr mich im Zentrum zu leben: rechts und links Einkaufsm\u00f6glichkeiten und der Wochenmarkt direkt gegen\u00fcber. Mein Auto habe ich daher nun verkauft und wenn ich doch einmal zum Baumarkt muss, f\u00e4hrt mich Herr D\u00fcbner oder ich leihe mir eins im Haus. Ich schlendere oft von hier aus durch die Stadt und schaue mir die Altbauten und sch\u00f6nen Fassaden an. Mein Hobby ist das Sch\u00f6ne.<\/p>\n<p>Apropos Sch\u00f6ne: meine Freude am G\u00e4rtnern kann ich auch einbringen. Wir haben ein Hochbeet gebaut und ich habe die Mitgestaltung \u00fcbernommen. Sogar eine Magnolie haben wir gepflanzt, sie erfreut alle.<\/p>\n<p>Wissen Sie: ich bin wieder Ich geworden. Seit ich bei SCH\u00d6NES LEBEN Gotha am Neumarkt eingezogen bin, bin ich wieder so geworden, wie ich fr\u00fcher war. Meine Kinder sagen schon \u201edu hast dich wieder richtig ver\u00e4ndert\u201c. Das habe ich auch. Ich habe mein Leben neu begonnen und das Grab meines Mannes hole ich auch hierher, eine Grabst\u00e4tte ist bereits gefunden. Ich bin gl\u00fccklich in Gotha, lebe wieder ganz selbstbestimmt und sorglos. Auch meine Kinder machen sich nun keine Sorgen mehr um mich, denn sie sehen, dass es mir gut geht. Aber: ich liege ihnen nicht auf der Tasche, dazu habe ich gar keine Zeit. Wir treffen uns regelm\u00e4\u00dfig, auch mit meinen Enkelkindern, aber sie m\u00fcssen sich nicht k\u00fcmmern, denn jeder f\u00fchrt sein eigenes Leben. Sie ihres und ich meines. Es ist sch\u00f6n, dass ich meine Lebensfreude wiederentdeckt habe, ich gestalte meinen Alltag sch\u00f6n, mache wozu ich Lust habe und das Beste: mein Zuhause f\u00fchlt sich an wie ein 5-Sterne-Hotel. Hier bleibe ich \u2013 noch ganz lange!\u201c<\/p>[\/et_pb_text][\/et_pb_column][\/et_pb_row][et_pb_row column_structure=&#8220;1_4,3_4&#8243; make_equal=&#8220;on&#8220; module_id=&#8220;author-box&#8220; _builder_version=&#8220;4.21.0&#8243; _module_preset=&#8220;default&#8220; background_color=&#8220;#F9F7F6&#8243; width_tablet=&#8220;&#8220; width_phone=&#8220;95%&#8220; width_last_edited=&#8220;on|phone&#8220; max_width=&#8220;942px&#8220; custom_padding=&#8220;|20px||20px|false|false&#8220; global_module=&#8220;239114&#8243; saved_tabs=&#8220;all&#8220; global_colors_info=&#8220;{}&#8220;][et_pb_column type=&#8220;1_4&#8243; module_id=&#8220;vertical-align&#8220; module_class=&#8220;vertical-align&#8220; _builder_version=&#8220;4.21.0&#8243; _module_preset=&#8220;default&#8220; global_colors_info=&#8220;{}&#8220;][et_pb_image src=&#8220;https:\/\/www.schoenes-leben.org\/magazin\/wp-content\/uploads\/2023\/07\/Helen-1.png&#8220; title_text=&#8220;Helen&#8220; align=&#8220;center&#8220; align_tablet=&#8220;center&#8220; align_phone=&#8220;left&#8220; align_last_edited=&#8220;on|phone&#8220; _builder_version=&#8220;4.21.0&#8243; _module_preset=&#8220;default&#8220; max_width_tablet=&#8220;43%&#8220; max_width_phone=&#8220;31%&#8220; max_width_last_edited=&#8220;on|phone&#8220; module_alignment=&#8220;center&#8220; module_alignment_tablet=&#8220;left&#8220; module_alignment_phone=&#8220;left&#8220; module_alignment_last_edited=&#8220;on|phone&#8220; global_colors_info=&#8220;{}&#8220;][\/et_pb_image][\/et_pb_column][et_pb_column type=&#8220;3_4&#8243; module_class=&#8220;vertical-align&#8220; _builder_version=&#8220;4.21.0&#8243; _module_preset=&#8220;default&#8220; global_colors_info=&#8220;{}&#8220;][et_pb_text _builder_version=&#8220;4.21.2&#8243; _module_preset=&#8220;default&#8220; text_font=&#8220;Flietext Fett||||||||&#8220; text_text_color=&#8220;#000000&#8243; custom_margin=&#8220;0px|0px|0px|0px|false|false&#8220; custom_padding=&#8220;0px|0px|0px|0px|false|false&#8220; global_colors_info=&#8220;{}&#8220;]<p><strong>Helen Bardtenschlager<\/strong><\/p>[\/et_pb_text][et_pb_text _builder_version=&#8220;4.21.0&#8243; _module_preset=&#8220;default&#8220; text_font=&#8220;Flietext||||||||&#8220; text_text_color=&#8220;#000000&#8243; global_colors_info=&#8220;{}&#8220;]<p><span>Helen Bardtenschlager ist eine vielseitig interessierte soziale Kosmopolitin. Ihre privaten Vorlieben f\u00fcr Kulinarik, Lifestyle, Gesellschaft, Natur, Sport und Tiere zeichnen sich auch in ihrer beruflichen Laufbahn ab. Die Sportsch\u00fclerin und gelernte Bankkauffrau studierte BWL sowie Romanistik in der Mainmetropole Frankfurt.<\/span><br \/><a href=\"https:\/\/www.schoenes-leben.org\/magazin\/unsere-autoren\/\"><strong><span style=\"text-decoration: underline;\">Unsere Autoren<\/span><\/strong><\/a><\/p>[\/et_pb_text][\/et_pb_column][\/et_pb_row][\/et_pb_section][et_pb_section fb_built=&#8220;1&#8243; custom_padding_last_edited=&#8220;on|tablet&#8220; admin_label=&#8220;Post Slider&#8220; _builder_version=&#8220;4.21.0&#8243; _module_preset=&#8220;default&#8220; custom_padding=&#8220;40px||||false|false&#8220; custom_padding_tablet=&#8220;0px||||false|false&#8220; custom_padding_phone=&#8220;0px||||false|false&#8220; global_module=&#8220;239577&#8243; collapsed=&#8220;on&#8220; global_colors_info=&#8220;{}&#8220;][et_pb_row _builder_version=&#8220;4.21.0&#8243; _module_preset=&#8220;default&#8220; width=&#8220;100%&#8220; max_width=&#8220;100%&#8220; custom_margin=&#8220;||80px||false|false&#8220; border_width_top=&#8220;1px&#8220; border_color_top=&#8220;#000000&#8243; border_width_bottom=&#8220;1px&#8220; border_color_bottom=&#8220;#000000&#8243; global_colors_info=&#8220;{}&#8220;][et_pb_column type=&#8220;4_4&#8243; _builder_version=&#8220;4.21.0&#8243; _module_preset=&#8220;default&#8220; global_colors_info=&#8220;{}&#8220;][et_pb_text _builder_version=&#8220;4.21.2&#8243; _module_preset=&#8220;default&#8220; text_font=&#8220;Flietext Fett||||||||&#8220; text_text_color=&#8220;#000000&#8243; text_font_size=&#8220;30px&#8220; header_4_font_size=&#8220;40px&#8220; max_width_tablet=&#8220;74%&#8220; max_width_phone=&#8220;92%&#8220; max_width_last_edited=&#8220;on|phone&#8220; module_alignment=&#8220;center&#8220; link_option_url=&#8220;https:\/\/www.schoenes-leben.org\/magazin\/newsletter-abonnieren\/&#8220; text_font_size_tablet=&#8220;30px&#8220; text_font_size_phone=&#8220;27px&#8220; text_font_size_last_edited=&#8220;on|phone&#8220; header_4_font_size_tablet=&#8220;35px&#8220; header_4_font_size_phone=&#8220;26px&#8220; header_4_font_size_last_edited=&#8220;on|tablet&#8220; global_colors_info=&#8220;{}&#8220; text_text_color__hover_enabled=&#8220;on|hover&#8220; text_text_color__hover=&#8220;#B99764&#8243; header_4_font_size__hover_enabled=&#8220;off|desktop&#8220;]<h4 style=\"text-align: center;\">Verpassen Sie keine Themen mehr. <span style=\"color: #b99764;\">Jetzt abonnieren<\/span><\/h4>[\/et_pb_text][\/et_pb_column][\/et_pb_row][et_pb_row _builder_version=&#8220;4.21.0&#8243; _module_preset=&#8220;default&#8220; width=&#8220;91%&#8220; max_width=&#8220;1771px&#8220; global_colors_info=&#8220;{}&#8220;][et_pb_column type=&#8220;4_4&#8243; _builder_version=&#8220;4.20.0&#8243; _module_preset=&#8220;default&#8220; global_colors_info=&#8220;{}&#8220;][et_pb_text _builder_version=&#8220;4.22.2&#8243; _module_preset=&#8220;default&#8220; text_font=&#8220;||||||||&#8220; text_text_color=&#8220;#000000&#8243; text_font_size=&#8220;55px&#8220; header_font_size=&#8220;56px&#8220; header_2_font_size=&#8220;56px&#8220; module_alignment=&#8220;center&#8220; custom_margin=&#8220;||40px||false|false&#8220; text_font_size_tablet=&#8220;55px&#8220; text_font_size_phone=&#8220;42px&#8220; text_font_size_last_edited=&#8220;on|phone&#8220; header_2_font_size_tablet=&#8220;56px&#8220; header_2_font_size_phone=&#8220;45px&#8220; header_2_font_size_last_edited=&#8220;on|phone&#8220; global_colors_info=&#8220;{}&#8220;]<h2 style=\"text-align: center;\">Lesen Sie auch<\/h2>[\/et_pb_text][et_pb_blog_extras include_current_taxonomy=&#8220;on&#8220; posts_number=&#8220;4&#8243; blog_layout=&#8220;masonry&#8220; masonry_layout=&#8220;grid_extended&#8220; masonry_columns=&#8220;2&#8243; featured_image_size=&#8220;full&#8220; excerpt_length=&#8220;0&#8243; read_more_text=&#8220;jetzt lesen&#8220; show_date=&#8220;off&#8220; show_categories=&#8220;off&#8220; show_comments=&#8220;off&#8220; disabled_on=&#8220;off|off|off&#8220; masonry_columns_tablet=&#8220;2&#8243; masonry_columns_phone=&#8220;1&#8243; masonry_columns_last_edited=&#8220;on|tablet&#8220; _builder_version=&#8220;4.22.2&#8243; _module_preset=&#8220;default&#8220; header_level=&#8220;h4&#8243; header_font=&#8220;||||||||&#8220; header_font_size=&#8220;21px&#8220; header_line_height=&#8220;1.3em&#8220; body_font=&#8220;Flietext||||||||&#8220; body_text_color=&#8220;#000000&#8243; body_line_height=&#8220;1.5em&#8220; meta_text_color=&#8220;#B99764&#8243; meta_line_height=&#8220;1em&#8220; background_color=&#8220;RGBA(255,255,255,0)&#8220; read_more_alignment=&#8220;left&#8220; custom_margin=&#8220;||||false|false&#8220; custom_padding=&#8220;||||false|false&#8220; global_colors_info=&#8220;{}&#8220;][\/et_pb_blog_extras][\/et_pb_column][\/et_pb_row][\/et_pb_section]\n","protected":false},"excerpt":{"rendered":"<p>Die Stimme der 76-j\u00e4hrigen Christel Roth k\u00f6nnte nicht frischer und lebendiger sein. Voller Energie erz\u00e4hlt die studierte Bibliothekarin von ihrem Umzug von Magdeburg nach Gotha und schw\u00e4rmt in h\u00f6chsten T\u00f6nen vom Leben in Gemeinschaft und Geselligkeit. Lachen ist ihr Geheimrezept und es ist sch\u00f6n, dass sie dies nun im SCH\u00d6NES LEBEN Gotha am Neumarkt wiedergefunden hat.<\/p>\n","protected":false},"author":4,"featured_media":239930,"comment_status":"closed","ping_status":"closed","sticky":false,"template":"","format":"standard","meta":{"_et_pb_use_builder":"on","_et_pb_old_content":"","_et_gb_content_width":"2880","footnotes":""},"categories":[11],"tags":[],"class_list":["post-239016","post","type-post","status-publish","format-standard","has-post-thumbnail","hentry","category-lebenfreude"],"yoast_head":"<!-- This site is optimized with the Yoast SEO plugin v27.5 - https:\/\/yoast.com\/product\/yoast-seo-wordpress\/ -->\n<title>Raus aus der Einsamkeit: Lebensgeschichte von Frau Roth<\/title>\n<meta name=\"description\" content=\"Freundschaften \u2713 Aktivit\u00e4ten \u2713 Wohlf\u00fchlort \u2713 \u25ba Warum gemeinschaftliches Wohnen im Alter neue Lebensfreude bringen kann!\" \/>\n<meta name=\"robots\" content=\"index, follow, max-snippet:-1, max-image-preview:large, max-video-preview:-1\" \/>\n<link rel=\"canonical\" href=\"https:\/\/www.schoenes-leben.org\/magazin\/lebenfreude\/die-einsamkeit-hat-mich-krank-gemacht-aber-jetzt-habe-ich-ein-neues-leben-begonnen\/\" \/>\n<meta property=\"og:locale\" content=\"de_DE\" \/>\n<meta property=\"og:type\" content=\"article\" \/>\n<meta property=\"og:title\" content=\"Raus aus der Einsamkeit: Lebensgeschichte von Frau Roth\" \/>\n<meta property=\"og:description\" content=\"Freundschaften \u2713 Aktivit\u00e4ten \u2713 Wohlf\u00fchlort \u2713 \u25ba Warum gemeinschaftliches Wohnen im Alter neue Lebensfreude bringen kann!\" \/>\n<meta property=\"og:url\" content=\"https:\/\/www.schoenes-leben.org\/magazin\/lebenfreude\/die-einsamkeit-hat-mich-krank-gemacht-aber-jetzt-habe-ich-ein-neues-leben-begonnen\/\" \/>\n<meta property=\"og:site_name\" content=\"hier&amp;jetzt\" \/>\n<meta property=\"article:published_time\" content=\"2023-07-30T08:20:23+00:00\" \/>\n<meta property=\"article:modified_time\" content=\"2024-12-02T09:04:36+00:00\" \/>\n<meta property=\"og:image\" content=\"https:\/\/www.schoenes-leben.org\/magazin\/wp-content\/uploads\/2023\/07\/Lebensgeschichte-Roth.jpg\" \/>\n\t<meta property=\"og:image:width\" content=\"1200\" \/>\n\t<meta property=\"og:image:height\" content=\"800\" \/>\n\t<meta property=\"og:image:type\" content=\"image\/jpeg\" \/>\n<meta name=\"author\" content=\"Helen Bardtenschlager\" \/>\n<meta name=\"twitter:card\" content=\"summary_large_image\" \/>\n<meta name=\"twitter:label1\" content=\"Verfasst von\" \/>\n\t<meta name=\"twitter:data1\" content=\"Helen Bardtenschlager\" \/>\n\t<meta name=\"twitter:label2\" content=\"Gesch\u00e4tzte Lesezeit\" \/>\n\t<meta name=\"twitter:data2\" content=\"8\u00a0Minuten\" \/>\n<script type=\"application\/ld+json\" class=\"yoast-schema-graph\">{\"@context\":\"https:\\\/\\\/schema.org\",\"@graph\":[{\"@type\":\"Article\",\"@id\":\"https:\\\/\\\/www.schoenes-leben.org\\\/magazin\\\/lebenfreude\\\/die-einsamkeit-hat-mich-krank-gemacht-aber-jetzt-habe-ich-ein-neues-leben-begonnen\\\/#article\",\"isPartOf\":{\"@id\":\"https:\\\/\\\/www.schoenes-leben.org\\\/magazin\\\/lebenfreude\\\/die-einsamkeit-hat-mich-krank-gemacht-aber-jetzt-habe-ich-ein-neues-leben-begonnen\\\/\"},\"author\":{\"name\":\"Helen Bardtenschlager\",\"@id\":\"https:\\\/\\\/www.schoenes-leben.org\\\/magazin\\\/#\\\/schema\\\/person\\\/c30be4ce74fc53cd42361789bd74a0c6\"},\"headline\":\"Die Einsamkeit hat mich krank gemacht, aber jetzt habe ich ein neues Leben begonnen\",\"datePublished\":\"2023-07-30T08:20:23+00:00\",\"dateModified\":\"2024-12-02T09:04:36+00:00\",\"mainEntityOfPage\":{\"@id\":\"https:\\\/\\\/www.schoenes-leben.org\\\/magazin\\\/lebenfreude\\\/die-einsamkeit-hat-mich-krank-gemacht-aber-jetzt-habe-ich-ein-neues-leben-begonnen\\\/\"},\"wordCount\":2528,\"image\":{\"@id\":\"https:\\\/\\\/www.schoenes-leben.org\\\/magazin\\\/lebenfreude\\\/die-einsamkeit-hat-mich-krank-gemacht-aber-jetzt-habe-ich-ein-neues-leben-begonnen\\\/#primaryimage\"},\"thumbnailUrl\":\"https:\\\/\\\/www.schoenes-leben.org\\\/magazin\\\/wp-content\\\/uploads\\\/2023\\\/07\\\/Lebensgeschichte-Roth.jpg\",\"articleSection\":[\"Lebenfreude\"],\"inLanguage\":\"de\"},{\"@type\":\"WebPage\",\"@id\":\"https:\\\/\\\/www.schoenes-leben.org\\\/magazin\\\/lebenfreude\\\/die-einsamkeit-hat-mich-krank-gemacht-aber-jetzt-habe-ich-ein-neues-leben-begonnen\\\/\",\"url\":\"https:\\\/\\\/www.schoenes-leben.org\\\/magazin\\\/lebenfreude\\\/die-einsamkeit-hat-mich-krank-gemacht-aber-jetzt-habe-ich-ein-neues-leben-begonnen\\\/\",\"name\":\"Raus aus der Einsamkeit: Lebensgeschichte von Frau Roth\",\"isPartOf\":{\"@id\":\"https:\\\/\\\/www.schoenes-leben.org\\\/magazin\\\/#website\"},\"primaryImageOfPage\":{\"@id\":\"https:\\\/\\\/www.schoenes-leben.org\\\/magazin\\\/lebenfreude\\\/die-einsamkeit-hat-mich-krank-gemacht-aber-jetzt-habe-ich-ein-neues-leben-begonnen\\\/#primaryimage\"},\"image\":{\"@id\":\"https:\\\/\\\/www.schoenes-leben.org\\\/magazin\\\/lebenfreude\\\/die-einsamkeit-hat-mich-krank-gemacht-aber-jetzt-habe-ich-ein-neues-leben-begonnen\\\/#primaryimage\"},\"thumbnailUrl\":\"https:\\\/\\\/www.schoenes-leben.org\\\/magazin\\\/wp-content\\\/uploads\\\/2023\\\/07\\\/Lebensgeschichte-Roth.jpg\",\"datePublished\":\"2023-07-30T08:20:23+00:00\",\"dateModified\":\"2024-12-02T09:04:36+00:00\",\"author\":{\"@id\":\"https:\\\/\\\/www.schoenes-leben.org\\\/magazin\\\/#\\\/schema\\\/person\\\/c30be4ce74fc53cd42361789bd74a0c6\"},\"description\":\"Freundschaften \u2713 Aktivit\u00e4ten \u2713 Wohlf\u00fchlort \u2713 \u25ba Warum gemeinschaftliches Wohnen im Alter neue Lebensfreude bringen kann!\",\"breadcrumb\":{\"@id\":\"https:\\\/\\\/www.schoenes-leben.org\\\/magazin\\\/lebenfreude\\\/die-einsamkeit-hat-mich-krank-gemacht-aber-jetzt-habe-ich-ein-neues-leben-begonnen\\\/#breadcrumb\"},\"inLanguage\":\"de\",\"potentialAction\":[{\"@type\":\"ReadAction\",\"target\":[\"https:\\\/\\\/www.schoenes-leben.org\\\/magazin\\\/lebenfreude\\\/die-einsamkeit-hat-mich-krank-gemacht-aber-jetzt-habe-ich-ein-neues-leben-begonnen\\\/\"]}]},{\"@type\":\"ImageObject\",\"inLanguage\":\"de\",\"@id\":\"https:\\\/\\\/www.schoenes-leben.org\\\/magazin\\\/lebenfreude\\\/die-einsamkeit-hat-mich-krank-gemacht-aber-jetzt-habe-ich-ein-neues-leben-begonnen\\\/#primaryimage\",\"url\":\"https:\\\/\\\/www.schoenes-leben.org\\\/magazin\\\/wp-content\\\/uploads\\\/2023\\\/07\\\/Lebensgeschichte-Roth.jpg\",\"contentUrl\":\"https:\\\/\\\/www.schoenes-leben.org\\\/magazin\\\/wp-content\\\/uploads\\\/2023\\\/07\\\/Lebensgeschichte-Roth.jpg\",\"width\":1200,\"height\":800,\"caption\":\"Wundervolle Lebensgeschichte\"},{\"@type\":\"BreadcrumbList\",\"@id\":\"https:\\\/\\\/www.schoenes-leben.org\\\/magazin\\\/lebenfreude\\\/die-einsamkeit-hat-mich-krank-gemacht-aber-jetzt-habe-ich-ein-neues-leben-begonnen\\\/#breadcrumb\",\"itemListElement\":[{\"@type\":\"ListItem\",\"position\":1,\"name\":\"Startseite\",\"item\":\"https:\\\/\\\/www.schoenes-leben.org\\\/magazin\\\/\"},{\"@type\":\"ListItem\",\"position\":2,\"name\":\"Die Einsamkeit hat mich krank gemacht, aber jetzt habe ich ein neues Leben begonnen\"}]},{\"@type\":\"WebSite\",\"@id\":\"https:\\\/\\\/www.schoenes-leben.org\\\/magazin\\\/#website\",\"url\":\"https:\\\/\\\/www.schoenes-leben.org\\\/magazin\\\/\",\"name\":\"hier&amp;jetzt\",\"description\":\"Das Magazin der SCH\u00d6NES LEBEN Gruppe\",\"potentialAction\":[{\"@type\":\"SearchAction\",\"target\":{\"@type\":\"EntryPoint\",\"urlTemplate\":\"https:\\\/\\\/www.schoenes-leben.org\\\/magazin\\\/?s={search_term_string}\"},\"query-input\":{\"@type\":\"PropertyValueSpecification\",\"valueRequired\":true,\"valueName\":\"search_term_string\"}}],\"inLanguage\":\"de\"},{\"@type\":\"Person\",\"@id\":\"https:\\\/\\\/www.schoenes-leben.org\\\/magazin\\\/#\\\/schema\\\/person\\\/c30be4ce74fc53cd42361789bd74a0c6\",\"name\":\"Helen Bardtenschlager\",\"image\":{\"@type\":\"ImageObject\",\"inLanguage\":\"de\",\"@id\":\"https:\\\/\\\/secure.gravatar.com\\\/avatar\\\/798d59a1e97d59667ea77ec8b12020709e07e01a45c8cd190335742914f70bcb?s=96&d=mm&r=g\",\"url\":\"https:\\\/\\\/secure.gravatar.com\\\/avatar\\\/798d59a1e97d59667ea77ec8b12020709e07e01a45c8cd190335742914f70bcb?s=96&d=mm&r=g\",\"contentUrl\":\"https:\\\/\\\/secure.gravatar.com\\\/avatar\\\/798d59a1e97d59667ea77ec8b12020709e07e01a45c8cd190335742914f70bcb?s=96&d=mm&r=g\",\"caption\":\"Helen Bardtenschlager\"},\"url\":\"https:\\\/\\\/www.schoenes-leben.org\\\/magazin\\\/author\\\/helen-bardtenschlager\\\/\"}]}<\/script>\n<!-- \/ Yoast SEO plugin. -->","yoast_head_json":{"title":"Raus aus der Einsamkeit: Lebensgeschichte von Frau Roth","description":"Freundschaften \u2713 Aktivit\u00e4ten \u2713 Wohlf\u00fchlort \u2713 \u25ba Warum gemeinschaftliches Wohnen im Alter neue Lebensfreude bringen kann!","robots":{"index":"index","follow":"follow","max-snippet":"max-snippet:-1","max-image-preview":"max-image-preview:large","max-video-preview":"max-video-preview:-1"},"canonical":"https:\/\/www.schoenes-leben.org\/magazin\/lebenfreude\/die-einsamkeit-hat-mich-krank-gemacht-aber-jetzt-habe-ich-ein-neues-leben-begonnen\/","og_locale":"de_DE","og_type":"article","og_title":"Raus aus der Einsamkeit: Lebensgeschichte von Frau Roth","og_description":"Freundschaften \u2713 Aktivit\u00e4ten \u2713 Wohlf\u00fchlort \u2713 \u25ba Warum gemeinschaftliches Wohnen im Alter neue Lebensfreude bringen kann!","og_url":"https:\/\/www.schoenes-leben.org\/magazin\/lebenfreude\/die-einsamkeit-hat-mich-krank-gemacht-aber-jetzt-habe-ich-ein-neues-leben-begonnen\/","og_site_name":"hier&amp;jetzt","article_published_time":"2023-07-30T08:20:23+00:00","article_modified_time":"2024-12-02T09:04:36+00:00","og_image":[{"width":1200,"height":800,"url":"https:\/\/www.schoenes-leben.org\/magazin\/wp-content\/uploads\/2023\/07\/Lebensgeschichte-Roth.jpg","type":"image\/jpeg"}],"author":"Helen Bardtenschlager","twitter_card":"summary_large_image","twitter_misc":{"Verfasst von":"Helen Bardtenschlager","Gesch\u00e4tzte Lesezeit":"8\u00a0Minuten"},"schema":{"@context":"https:\/\/schema.org","@graph":[{"@type":"Article","@id":"https:\/\/www.schoenes-leben.org\/magazin\/lebenfreude\/die-einsamkeit-hat-mich-krank-gemacht-aber-jetzt-habe-ich-ein-neues-leben-begonnen\/#article","isPartOf":{"@id":"https:\/\/www.schoenes-leben.org\/magazin\/lebenfreude\/die-einsamkeit-hat-mich-krank-gemacht-aber-jetzt-habe-ich-ein-neues-leben-begonnen\/"},"author":{"name":"Helen Bardtenschlager","@id":"https:\/\/www.schoenes-leben.org\/magazin\/#\/schema\/person\/c30be4ce74fc53cd42361789bd74a0c6"},"headline":"Die Einsamkeit hat mich krank gemacht, aber jetzt habe ich ein neues Leben begonnen","datePublished":"2023-07-30T08:20:23+00:00","dateModified":"2024-12-02T09:04:36+00:00","mainEntityOfPage":{"@id":"https:\/\/www.schoenes-leben.org\/magazin\/lebenfreude\/die-einsamkeit-hat-mich-krank-gemacht-aber-jetzt-habe-ich-ein-neues-leben-begonnen\/"},"wordCount":2528,"image":{"@id":"https:\/\/www.schoenes-leben.org\/magazin\/lebenfreude\/die-einsamkeit-hat-mich-krank-gemacht-aber-jetzt-habe-ich-ein-neues-leben-begonnen\/#primaryimage"},"thumbnailUrl":"https:\/\/www.schoenes-leben.org\/magazin\/wp-content\/uploads\/2023\/07\/Lebensgeschichte-Roth.jpg","articleSection":["Lebenfreude"],"inLanguage":"de"},{"@type":"WebPage","@id":"https:\/\/www.schoenes-leben.org\/magazin\/lebenfreude\/die-einsamkeit-hat-mich-krank-gemacht-aber-jetzt-habe-ich-ein-neues-leben-begonnen\/","url":"https:\/\/www.schoenes-leben.org\/magazin\/lebenfreude\/die-einsamkeit-hat-mich-krank-gemacht-aber-jetzt-habe-ich-ein-neues-leben-begonnen\/","name":"Raus aus der Einsamkeit: Lebensgeschichte von Frau Roth","isPartOf":{"@id":"https:\/\/www.schoenes-leben.org\/magazin\/#website"},"primaryImageOfPage":{"@id":"https:\/\/www.schoenes-leben.org\/magazin\/lebenfreude\/die-einsamkeit-hat-mich-krank-gemacht-aber-jetzt-habe-ich-ein-neues-leben-begonnen\/#primaryimage"},"image":{"@id":"https:\/\/www.schoenes-leben.org\/magazin\/lebenfreude\/die-einsamkeit-hat-mich-krank-gemacht-aber-jetzt-habe-ich-ein-neues-leben-begonnen\/#primaryimage"},"thumbnailUrl":"https:\/\/www.schoenes-leben.org\/magazin\/wp-content\/uploads\/2023\/07\/Lebensgeschichte-Roth.jpg","datePublished":"2023-07-30T08:20:23+00:00","dateModified":"2024-12-02T09:04:36+00:00","author":{"@id":"https:\/\/www.schoenes-leben.org\/magazin\/#\/schema\/person\/c30be4ce74fc53cd42361789bd74a0c6"},"description":"Freundschaften \u2713 Aktivit\u00e4ten \u2713 Wohlf\u00fchlort \u2713 \u25ba Warum gemeinschaftliches Wohnen im Alter neue Lebensfreude bringen kann!","breadcrumb":{"@id":"https:\/\/www.schoenes-leben.org\/magazin\/lebenfreude\/die-einsamkeit-hat-mich-krank-gemacht-aber-jetzt-habe-ich-ein-neues-leben-begonnen\/#breadcrumb"},"inLanguage":"de","potentialAction":[{"@type":"ReadAction","target":["https:\/\/www.schoenes-leben.org\/magazin\/lebenfreude\/die-einsamkeit-hat-mich-krank-gemacht-aber-jetzt-habe-ich-ein-neues-leben-begonnen\/"]}]},{"@type":"ImageObject","inLanguage":"de","@id":"https:\/\/www.schoenes-leben.org\/magazin\/lebenfreude\/die-einsamkeit-hat-mich-krank-gemacht-aber-jetzt-habe-ich-ein-neues-leben-begonnen\/#primaryimage","url":"https:\/\/www.schoenes-leben.org\/magazin\/wp-content\/uploads\/2023\/07\/Lebensgeschichte-Roth.jpg","contentUrl":"https:\/\/www.schoenes-leben.org\/magazin\/wp-content\/uploads\/2023\/07\/Lebensgeschichte-Roth.jpg","width":1200,"height":800,"caption":"Wundervolle Lebensgeschichte"},{"@type":"BreadcrumbList","@id":"https:\/\/www.schoenes-leben.org\/magazin\/lebenfreude\/die-einsamkeit-hat-mich-krank-gemacht-aber-jetzt-habe-ich-ein-neues-leben-begonnen\/#breadcrumb","itemListElement":[{"@type":"ListItem","position":1,"name":"Startseite","item":"https:\/\/www.schoenes-leben.org\/magazin\/"},{"@type":"ListItem","position":2,"name":"Die Einsamkeit hat mich krank gemacht, aber jetzt habe ich ein neues Leben begonnen"}]},{"@type":"WebSite","@id":"https:\/\/www.schoenes-leben.org\/magazin\/#website","url":"https:\/\/www.schoenes-leben.org\/magazin\/","name":"hier&amp;jetzt","description":"Das Magazin der SCH\u00d6NES LEBEN Gruppe","potentialAction":[{"@type":"SearchAction","target":{"@type":"EntryPoint","urlTemplate":"https:\/\/www.schoenes-leben.org\/magazin\/?s={search_term_string}"},"query-input":{"@type":"PropertyValueSpecification","valueRequired":true,"valueName":"search_term_string"}}],"inLanguage":"de"},{"@type":"Person","@id":"https:\/\/www.schoenes-leben.org\/magazin\/#\/schema\/person\/c30be4ce74fc53cd42361789bd74a0c6","name":"Helen Bardtenschlager","image":{"@type":"ImageObject","inLanguage":"de","@id":"https:\/\/secure.gravatar.com\/avatar\/798d59a1e97d59667ea77ec8b12020709e07e01a45c8cd190335742914f70bcb?s=96&d=mm&r=g","url":"https:\/\/secure.gravatar.com\/avatar\/798d59a1e97d59667ea77ec8b12020709e07e01a45c8cd190335742914f70bcb?s=96&d=mm&r=g","contentUrl":"https:\/\/secure.gravatar.com\/avatar\/798d59a1e97d59667ea77ec8b12020709e07e01a45c8cd190335742914f70bcb?s=96&d=mm&r=g","caption":"Helen Bardtenschlager"},"url":"https:\/\/www.schoenes-leben.org\/magazin\/author\/helen-bardtenschlager\/"}]}},"_links":{"self":[{"href":"https:\/\/www.schoenes-leben.org\/magazin\/wp-json\/wp\/v2\/posts\/239016","targetHints":{"allow":["GET"]}}],"collection":[{"href":"https:\/\/www.schoenes-leben.org\/magazin\/wp-json\/wp\/v2\/posts"}],"about":[{"href":"https:\/\/www.schoenes-leben.org\/magazin\/wp-json\/wp\/v2\/types\/post"}],"author":[{"embeddable":true,"href":"https:\/\/www.schoenes-leben.org\/magazin\/wp-json\/wp\/v2\/users\/4"}],"replies":[{"embeddable":true,"href":"https:\/\/www.schoenes-leben.org\/magazin\/wp-json\/wp\/v2\/comments?post=239016"}],"version-history":[{"count":13,"href":"https:\/\/www.schoenes-leben.org\/magazin\/wp-json\/wp\/v2\/posts\/239016\/revisions"}],"predecessor-version":[{"id":240450,"href":"https:\/\/www.schoenes-leben.org\/magazin\/wp-json\/wp\/v2\/posts\/239016\/revisions\/240450"}],"wp:featuredmedia":[{"embeddable":true,"href":"https:\/\/www.schoenes-leben.org\/magazin\/wp-json\/wp\/v2\/media\/239930"}],"wp:attachment":[{"href":"https:\/\/www.schoenes-leben.org\/magazin\/wp-json\/wp\/v2\/media?parent=239016"}],"wp:term":[{"taxonomy":"category","embeddable":true,"href":"https:\/\/www.schoenes-leben.org\/magazin\/wp-json\/wp\/v2\/categories?post=239016"},{"taxonomy":"post_tag","embeddable":true,"href":"https:\/\/www.schoenes-leben.org\/magazin\/wp-json\/wp\/v2\/tags?post=239016"}],"curies":[{"name":"wp","href":"https:\/\/api.w.org\/{rel}","templated":true}]}}