{"id":240080,"date":"2024-05-22T13:50:37","date_gmt":"2024-05-22T13:50:37","guid":{"rendered":"https:\/\/www.schoenes-leben.org\/magazin\/?p=240080"},"modified":"2024-12-02T09:47:45","modified_gmt":"2024-12-02T09:47:45","slug":"nicht-jede-fahrradtour-verlaeuft-wie-geplant-der-polizist-mein-freund-und-helfer","status":"publish","type":"post","link":"https:\/\/www.schoenes-leben.org\/magazin\/lebenfreude\/nicht-jede-fahrradtour-verlaeuft-wie-geplant-der-polizist-mein-freund-und-helfer\/","title":{"rendered":"Nicht jede Fahrradtour verl\u00e4uft wie geplant: Der Polizist, mein Freund und Helfer"},"content":{"rendered":"\n[et_pb_section fb_built=&#8220;1&#8243; custom_padding_last_edited=&#8220;on|phone&#8220; _builder_version=&#8220;4.21.0&#8243; _module_preset=&#8220;default&#8220; custom_padding_tablet=&#8220;&#8220; custom_padding_phone=&#8220;0px||||false|false&#8220; global_colors_info=&#8220;{}&#8220;][et_pb_row _builder_version=&#8220;4.21.0&#8243; _module_preset=&#8220;default&#8220; width_tablet=&#8220;&#8220; width_phone=&#8220;95%&#8220; width_last_edited=&#8220;on|phone&#8220; custom_margin=&#8220;0px||0px||false|false&#8220; custom_padding=&#8220;10px||10px||false|false&#8220; global_colors_info=&#8220;{}&#8220;][et_pb_column type=&#8220;4_4&#8243; _builder_version=&#8220;4.21.0&#8243; _module_preset=&#8220;default&#8220; global_colors_info=&#8220;{}&#8220;][lwp_divi_breadcrumbs home_text=&#8220;Magazin&#8220; before_text=&#8220;Sie sind hier: &#8220; use_before_icon=&#8220;off&#8220; link_color=&#8220;#B99764&#8243; separator_color=&#8220;#000000&#8243; current_text_color=&#8220;#B99764&#8243; _builder_version=&#8220;4.21.2&#8243; _module_preset=&#8220;default&#8220; module_font=&#8220;||||||||&#8220; module_text_align=&#8220;center&#8220; module_text_color=&#8220;#000000&#8243; module_font_size=&#8220;13px&#8220; text_orientation=&#8220;center&#8220; module_alignment=&#8220;center&#8220; global_colors_info=&#8220;{}&#8220;][\/lwp_divi_breadcrumbs][\/et_pb_column][\/et_pb_row][et_pb_row _builder_version=&#8220;4.21.0&#8243; _module_preset=&#8220;default&#8220; width_tablet=&#8220;&#8220; width_phone=&#8220;95%&#8220; width_last_edited=&#8220;on|phone&#8220; max_width_tablet=&#8220;&#8220; max_width_phone=&#8220;95%&#8220; max_width_last_edited=&#8220;on|phone&#8220; global_colors_info=&#8220;{}&#8220;][et_pb_column type=&#8220;4_4&#8243; _builder_version=&#8220;4.21.0&#8243; _module_preset=&#8220;default&#8220; global_colors_info=&#8220;{}&#8220;][et_pb_text _builder_version=&#8220;4.24.0&#8243; _module_preset=&#8220;default&#8220; text_font=&#8220;Ueberschrift|||on|||||&#8220; text_text_color=&#8220;#B99764&#8243; text_font_size=&#8220;100px&#8220; text_line_height=&#8220;1.1em&#8220; header_font=&#8220;|||on|||||&#8220; header_text_color=&#8220;#B99764&#8243; header_font_size=&#8220;100px&#8220; header_line_height=&#8220;1.1em&#8220; text_orientation=&#8220;center&#8220; max_width=&#8220;94%&#8220; module_alignment=&#8220;center&#8220; text_font_size_tablet=&#8220;75px&#8220; text_font_size_phone=&#8220;35px&#8220; text_font_size_last_edited=&#8220;on|phone&#8220; text_line_height_tablet=&#8220;1.1em&#8220; text_line_height_phone=&#8220;1.3em&#8220; text_line_height_last_edited=&#8220;on|phone&#8220; header_font_size_tablet=&#8220;75px&#8220; header_font_size_phone=&#8220;45px&#8220; header_font_size_last_edited=&#8220;on|phone&#8220; global_colors_info=&#8220;{}&#8220;]<h1>Nicht jede Fahrradtour verl\u00e4uft wie geplant<\/h1>[\/et_pb_text][et_pb_text _builder_version=&#8220;4.27.2&#8243; _module_preset=&#8220;default&#8220; text_font_size=&#8220;35px&#8220; header_font=&#8220;berschrift  Serife||||||||&#8220; header_font_size=&#8220;35px&#8220; header_2_font=&#8220;berschrift  Serife||||||||&#8220; header_2_font_size=&#8220;30px&#8220; hover_enabled=&#8220;0&#8243; global_colors_info=&#8220;{}&#8220; sticky_enabled=&#8220;0&#8243;]<h2 style=\"text-align: center;\">Der Polizist, mein Freund und Helfer&#8230;<\/h2>[\/et_pb_text][et_pb_text _builder_version=&#8220;4.23.1&#8243; _module_preset=&#8220;default&#8220; text_font=&#8220;Unterueberschrift|||on|||||&#8220; text_text_color=&#8220;#000000&#8243; text_font_size=&#8220;13px&#8220; text_line_height=&#8220;1.3em&#8220; header_5_font_size=&#8220;17px&#8220; header_5_line_height=&#8220;1.2em&#8220; text_orientation=&#8220;center&#8220; max_width_tablet=&#8220;&#8220; max_width_phone=&#8220;70%&#8220; max_width_last_edited=&#8220;on|phone&#8220; module_alignment=&#8220;center&#8220; link_option_url=&#8220;#author-box&#8220; text_font_size_tablet=&#8220;13px&#8220; text_font_size_phone=&#8220;11px&#8220; text_font_size_last_edited=&#8220;on|phone&#8220; global_colors_info=&#8220;{}&#8220;]<h5>Verfasst von einem passionierten Schreiber<strong><br \/><\/strong><\/h5>[\/et_pb_text][\/et_pb_column][\/et_pb_row][et_pb_row _builder_version=&#8220;4.21.0&#8243; _module_preset=&#8220;default&#8220; width_tablet=&#8220;&#8220; width_phone=&#8220;95%&#8220; width_last_edited=&#8220;on|phone&#8220; max_width=&#8220;942px&#8220; global_colors_info=&#8220;{}&#8220;][et_pb_column type=&#8220;4_4&#8243; _builder_version=&#8220;4.21.0&#8243; _module_preset=&#8220;default&#8220; global_colors_info=&#8220;{}&#8220;][et_pb_text _builder_version=&#8220;4.21.2&#8243; _module_preset=&#8220;default&#8220; text_font=&#8220;Flietext Fett||||||||&#8220; text_text_color=&#8220;#000000&#8243; custom_margin=&#8220;0px|0px|0px|0px|false|false&#8220; custom_padding=&#8220;0px|0px|0px|0px|false|false&#8220; global_colors_info=&#8220;{}&#8220;]<h4>In diesem Beitrag:<\/h4>[\/et_pb_text][et_pb_text _builder_version=&#8220;4.24.0&#8243; _module_preset=&#8220;default&#8220; text_font=&#8220;||||||||&#8220; text_text_color=&#8220;#B99764&#8243; header_4_text_color=&#8220;#B99764&#8243; header_4_font_size=&#8220;17px&#8220; header_4_line_height=&#8220;1.3em&#8220; custom_margin=&#8220;0px|0px|0px|0px|false|false&#8220; custom_padding=&#8220;0px|0px|0px|0px|false|false&#8220; link_option_url=&#8220;#anker1&#8243; global_colors_info=&#8220;{}&#8220;]<h4>\u2022\u00a0 <strong>Nicht jede Fahrradtour verl\u00e4uft wie geplant<\/strong><\/h4>[\/et_pb_text][et_pb_text _builder_version=&#8220;4.27.2&#8243; _module_preset=&#8220;default&#8220; text_font=&#8220;||||||||&#8220; text_text_color=&#8220;#B99764&#8243; header_4_text_color=&#8220;#B99764&#8243; header_4_font_size=&#8220;17px&#8220; header_4_line_height=&#8220;1.3em&#8220; custom_margin=&#8220;0px|0px|0px|0px|false|false&#8220; custom_padding=&#8220;0px|0px|0px|0px|false|false&#8220; link_option_url=&#8220;#anker2&#8243; global_colors_info=&#8220;{}&#8220;]<h4><strong>\u2022\u00a0 \u00dcberraschung in der Fahrrad-Werkstatt<\/strong><\/h4>[\/et_pb_text][et_pb_text _builder_version=&#8220;4.24.0&#8243; _module_preset=&#8220;default&#8220; text_font=&#8220;||||||||&#8220; text_text_color=&#8220;#B99764&#8243; header_4_text_color=&#8220;#B99764&#8243; header_4_font_size=&#8220;17px&#8220; header_4_line_height=&#8220;1.3em&#8220; custom_margin=&#8220;0px|0px|0px|0px|false|false&#8220; custom_padding=&#8220;0px|0px|0px|0px|false|false&#8220; link_option_url=&#8220;#anker3&#8243; global_colors_info=&#8220;{}&#8220;]<h4>\u2022\u00a0 <strong>Warten auf den \u201eH\u00fcter des Gesetzes\u201c<\/strong><\/h4>[\/et_pb_text][et_pb_text _builder_version=&#8220;4.24.0&#8243; _module_preset=&#8220;default&#8220; text_font=&#8220;||||||||&#8220; text_text_color=&#8220;#B99764&#8243; header_4_text_color=&#8220;#B99764&#8243; header_4_font_size=&#8220;17px&#8220; header_4_line_height=&#8220;1.3em&#8220; custom_margin=&#8220;0px|0px|0px|0px|false|false&#8220; custom_padding=&#8220;0px|0px|0px|0px|false|false&#8220; link_option_url=&#8220;#anker5&#8243; global_colors_info=&#8220;{}&#8220;]<h4>\u2022\u00a0 <strong>Unvermuteter Verlauf der Anzeige-Erstattung <\/strong><\/h4>[\/et_pb_text][et_pb_text _builder_version=&#8220;4.24.0&#8243; _module_preset=&#8220;default&#8220; text_font=&#8220;||||||||&#8220; text_text_color=&#8220;#B99764&#8243; header_4_text_color=&#8220;#B99764&#8243; header_4_font_size=&#8220;17px&#8220; header_4_line_height=&#8220;1.3em&#8220; custom_margin=&#8220;0px|0px|0px|0px|false|false&#8220; custom_padding=&#8220;0px|0px|0px|0px|false|false&#8220; link_option_url=&#8220;#anker5&#8243; global_colors_info=&#8220;{}&#8220;]<h4>\u2022\u00a0 <strong>Ende gut, alles gut<\/strong><\/h4>[\/et_pb_text][et_pb_text _builder_version=&#8220;4.24.0&#8243; _module_preset=&#8220;default&#8220; text_font=&#8220;||||||||&#8220; text_text_color=&#8220;#B99764&#8243; header_4_text_color=&#8220;#B99764&#8243; header_4_font_size=&#8220;17px&#8220; header_4_line_height=&#8220;1.3em&#8220; custom_margin=&#8220;0px|0px|0px|0px|false|false&#8220; custom_padding=&#8220;0px|0px|0px|0px|false|false&#8220; link_option_url=&#8220;#anker5&#8243; global_colors_info=&#8220;{}&#8220;]<h4>\u2022 <strong>Tipps bei Diebstahl oder Vandalismus am E-Bike<\/strong><\/h4>[\/et_pb_text][\/et_pb_column][\/et_pb_row][et_pb_row _builder_version=&#8220;4.21.0&#8243; _module_preset=&#8220;default&#8220; width_tablet=&#8220;&#8220; width_phone=&#8220;95%&#8220; width_last_edited=&#8220;on|phone&#8220; max_width=&#8220;942px&#8220; global_colors_info=&#8220;{}&#8220;][et_pb_column type=&#8220;4_4&#8243; _builder_version=&#8220;4.21.0&#8243; _module_preset=&#8220;default&#8220; global_colors_info=&#8220;{}&#8220;][et_pb_text module_id=&#8220;anker1&#8243; _builder_version=&#8220;4.24.0&#8243; _module_preset=&#8220;default&#8220; text_font=&#8220;||||||||&#8220; text_text_color=&#8220;#000000&#8243; text_font_size=&#8220;43px&#8220; text_line_height=&#8220;1.3em&#8220; header_2_font_size=&#8220;35px&#8220; header_2_line_height=&#8220;1.3em&#8220; custom_margin=&#8220;||10px||false|false&#8220; header_2_font_size_tablet=&#8220;35px&#8220; header_2_font_size_phone=&#8220;35px&#8220; header_2_font_size_last_edited=&#8220;on|phone&#8220; global_colors_info=&#8220;{}&#8220;]<h2>Nicht jede Fahrradtour verl\u00e4uft wie geplant\u2026<\/h2>[\/et_pb_text][et_pb_text _builder_version=&#8220;4.24.0&#8243; _module_preset=&#8220;default&#8220; text_font=&#8220;Flietext||||||||&#8220; text_text_color=&#8220;#000000&#8243; global_colors_info=&#8220;{}&#8220;]<p>Ein sonniger, warmer Herbsttag. Perfekt f\u00fcr eine Fahrradtour nach Heimbach. Erholsam flach entlang der Rur, E-Bike-unterst\u00fctzt hinauf die recht steilen und f\u00fcr mich anstrengenden Anstiege der Waldh\u00f6hen und wieder hinab ins Tal sausen. Im Eifelst\u00e4dtchen den Blick auf die Burg und das alte Ortszentrum genie\u00dfen, auf einer Bank am Rur-Ufer gen\u00fcsslich den in der Eisdiele erstandenen \u201agro\u00dfen\u2018 Eisbecher leeren.<\/p>\n<p>Bepackt mit einigen Reiseutensilien und unseren Akkus eilen wir gut gelaunt zum im Gartenbereich unserer Wohnanlage gelegenen Unterstellschuppen f\u00fcr Fahrr\u00e4der. Mein Mann macht sein Rad ruckzuck startklar. Wie immer brauche ich l\u00e4nger dazu, die Befestigungskabel am Fahrradst\u00e4nder zu l\u00f6sen und den Akku einzubauen. Geschafft!<\/p>\n<p>Blick auf den Lenker. Meine Augen werden gro\u00df. Wo bitte ist mein LED-Display? Leer ist die Halterung, aus dem Ger\u00e4t herausgerissen h\u00e4ngen seine Verbindungskabel zum Motor vom Lenker herunter. Mein Blick gleitet \u00fcber die \u00fcbrigen hier abgestellten R\u00e4der. Nicht von jedem sieht mich ein Display an. Denn auch die wenigen hier verbliebenen sind, so wie meines es war, auf ihrer Halterung festmontiert und somit nicht herausschiebbar.<\/p>\n<p>Ich habe jetzt nur noch ein \u201avorsintflutliches\u2018 Rad: 23 kg schwer, ausschlie\u00dflich mit der eigenen K\u00f6rperkraft bewegbar. \u00a0&#8211; Wenig erfreut schauen mein Mann und ich uns an. Gestrichen ist die geplante Heimbach-Tour. Und nun?<\/p>[\/et_pb_text][\/et_pb_column][\/et_pb_row][et_pb_row _builder_version=&#8220;4.21.0&#8243; _module_preset=&#8220;default&#8220; width_tablet=&#8220;&#8220; width_phone=&#8220;95%&#8220; width_last_edited=&#8220;on|phone&#8220; max_width=&#8220;942px&#8220; global_colors_info=&#8220;{}&#8220;][et_pb_column type=&#8220;4_4&#8243; _builder_version=&#8220;4.21.0&#8243; _module_preset=&#8220;default&#8220; global_colors_info=&#8220;{}&#8220;][et_pb_image src=&#8220;https:\/\/www.schoenes-leben.org\/magazin\/wp-content\/uploads\/2024\/05\/markus-spiske-B80FcaDLWCc-unsplash-scaled-e1716385190177.jpg&#8220; alt=&#8220;Display Diebstahl &#8211; was tun?&#8220; title_text=&#8220;E-Bike Radtour&#8220; show_in_lightbox=&#8220;on&#8220; _builder_version=&#8220;4.24.0&#8243; _module_preset=&#8220;default&#8220; custom_margin=&#8220;||7px||false|false&#8220; global_colors_info=&#8220;{}&#8220;][\/et_pb_image][et_pb_text _builder_version=&#8220;4.24.0&#8243; _module_preset=&#8220;default&#8220; text_font=&#8220;Flietext||||||||&#8220; text_text_color=&#8220;#000000&#8243; text_font_size=&#8220;13px&#8220; text_line_height=&#8220;1.6em&#8220; custom_margin=&#8220;10px|0px|0px|0px|false|false&#8220; custom_padding=&#8220;0px|0px|0px|0px|false|false&#8220; global_colors_info=&#8220;{}&#8220;]<p>Empfehlenswert zum Schutz vor Display-Diebstahl: vorsorglich die abnehmbare Variante w\u00e4hlen.<\/p>[\/et_pb_text][\/et_pb_column][\/et_pb_row][et_pb_row _builder_version=&#8220;4.21.0&#8243; _module_preset=&#8220;default&#8220; width_tablet=&#8220;&#8220; width_phone=&#8220;95%&#8220; width_last_edited=&#8220;on|phone&#8220; max_width=&#8220;942px&#8220; global_colors_info=&#8220;{}&#8220;][et_pb_column type=&#8220;4_4&#8243; _builder_version=&#8220;4.21.0&#8243; _module_preset=&#8220;default&#8220; global_colors_info=&#8220;{}&#8220;][et_pb_text module_id=&#8220;anker2&#8243; _builder_version=&#8220;4.24.0&#8243; _module_preset=&#8220;default&#8220; text_font=&#8220;||||||||&#8220; text_text_color=&#8220;#000000&#8243; text_font_size=&#8220;43px&#8220; text_line_height=&#8220;1.3em&#8220; header_2_font_size=&#8220;35px&#8220; header_2_line_height=&#8220;1.3em&#8220; custom_margin=&#8220;||10px||false|false&#8220; header_2_font_size_tablet=&#8220;35px&#8220; header_2_font_size_phone=&#8220;35px&#8220; header_2_font_size_last_edited=&#8220;on|phone&#8220; global_colors_info=&#8220;{}&#8220;]<h2>\u00dcberraschung in der Fahrrad-Werkstatt<\/h2>[\/et_pb_text][et_pb_text _builder_version=&#8220;4.24.0&#8243; _module_preset=&#8220;default&#8220; text_font=&#8220;Flietext||||||||&#8220; text_text_color=&#8220;#000000&#8243; global_colors_info=&#8220;{}&#8220;]<p>Wir beschlie\u00dfen, vor der Anzeige bei der Polizei zun\u00e4chst in der Werkstatt unseres Rad-Verk\u00e4ufers die Reparaturdetails und die daf\u00fcr anfallenden Kosten zu erfragen &#8211; in der Annahme, dass es lediglich gilt, ein Ersatzdisplay zu kaufen, die noch vorhandenen Kabel begradigen und wieder anschlie\u00dfen zu lassen.<\/p>\n<p>Doch es kommt anders. In der Werkstatt lernen wir Technikunbegabten, dass zur Wiederherstellung der E-Bike-Funktion nicht nur ein neues Display vonn\u00f6ten ist, sondern ebenfalls ein neues, dem Verbindungsweg zum Akku-Motor entsprechend langes Kabel. F\u00fcr seinen Anschluss an das \u201eTriebwerk\u201c erforderlich: der Ausbau des Motors, den es nach Vollendung des Werks dann wieder einzubauen gilt. Reparatur-Kostenvoranschlag: \u20ac 373,80.<\/p>\n<p>F\u00fcrsorglich weist der Werkstatt-Mitarbeiter darauf hin, vor der Schadensmeldung bei der Versicherung eine Diebstahlanzeige bei der Polizei zu erstatten. Nichts wie hin also.<\/p>[\/et_pb_text][\/et_pb_column][\/et_pb_row][et_pb_row _builder_version=&#8220;4.21.0&#8243; _module_preset=&#8220;default&#8220; width_tablet=&#8220;&#8220; width_phone=&#8220;95%&#8220; width_last_edited=&#8220;on|phone&#8220; max_width=&#8220;942px&#8220; global_colors_info=&#8220;{}&#8220;][et_pb_column type=&#8220;4_4&#8243; _builder_version=&#8220;4.21.0&#8243; _module_preset=&#8220;default&#8220; global_colors_info=&#8220;{}&#8220;][et_pb_text module_id=&#8220;anker3&#8243; _builder_version=&#8220;4.24.0&#8243; _module_preset=&#8220;default&#8220; text_font=&#8220;||||||||&#8220; text_text_color=&#8220;#000000&#8243; text_font_size=&#8220;43px&#8220; text_line_height=&#8220;1.3em&#8220; header_2_font_size=&#8220;35px&#8220; header_2_line_height=&#8220;1.3em&#8220; custom_margin=&#8220;||10px||false|false&#8220; header_2_font_size_tablet=&#8220;35px&#8220; header_2_font_size_phone=&#8220;35px&#8220; header_2_font_size_last_edited=&#8220;on|phone&#8220; global_colors_info=&#8220;{}&#8220;]<h2>Warten auf den \u201eH\u00fcter des Gesetzes\u201c<\/h2>[\/et_pb_text][et_pb_text _builder_version=&#8220;4.24.0&#8243; _module_preset=&#8220;default&#8220; text_font=&#8220;Flietext||||||||&#8220; text_text_color=&#8220;#000000&#8243; global_colors_info=&#8220;{}&#8220;]<p>Gut befestigt lasse ich mein Rad unmittelbar vor den Treppenstufen zum Geb\u00e4udeeingang zur\u00fcck und eile zum Empfang. Mindestens 45 Minuten Wartezeit, erfahre ich. Ob dieser Auskunft radelt mein Mann gleich weiter nach Hause. Dort will ich ihn anrufen, sobald ich mit meinem derzeit \u201averhinderten Bike\u2018 zur\u00fcck in der Werkstatt bin und er mich dort abholen kann.<\/p>\n<p>Da sitze ich nun vor dem Empfang im Wartebereich: kontrolliere auf dem Handy meinen E-Mail-Eingang, checkte die Welt-Nachrichtenlage, meine Termine der n\u00e4chsten Zeit, beantwortete WhatsApps. Nach Ablauf der prognostizierten Wartezeit beginne ich unruhig im Wartezimmer auf- und abzugehen \u2013 hoffend, dass der Empfangschef dies registriert. Aus den Augenwinkeln bemerke ich, dass dem so ist. Er sieht zu mir r\u00fcber, telefoniert und teilt mir mit, dass mein Gespr\u00e4chspartner gleich kommt.<\/p>\n<p>Nur wenig sp\u00e4ter steht dieser in der Eingangst\u00fcr zum Hauptgeb\u00e4ude. Nicht, wie von mir erwartet in polizeilicher Dienstkleidung: sondern wettergerecht in Shorts und T-Shirt. So \u201alocker\u2018, wie er gekleidet ist, verh\u00e4lt er sich dann auch. Auf unserem Weg zu seinem B\u00fcro gr\u00fc\u00dft er in offenstehende B\u00fcros, wechselt einige Worte mit den dortigen Kollegen, erl\u00e4utert mir kurz deren Arbeitsbereiche. Je nachdem stelle ich dazu eine Frage.<\/p>\n<p>&nbsp;<\/p>[\/et_pb_text][\/et_pb_column][\/et_pb_row][et_pb_row module_id=&#8220;was-braucht-man-fuer-yoga&#8220; _builder_version=&#8220;4.21.0&#8243; _module_preset=&#8220;default&#8220; width_tablet=&#8220;&#8220; width_phone=&#8220;95%&#8220; width_last_edited=&#8220;on|phone&#8220; max_width=&#8220;942px&#8220; custom_margin=&#8220;90px||110px||false|false&#8220; global_colors_info=&#8220;{}&#8220;][et_pb_column type=&#8220;4_4&#8243; _builder_version=&#8220;4.21.0&#8243; _module_preset=&#8220;default&#8220; global_colors_info=&#8220;{}&#8220;][et_pb_text _builder_version=&#8220;4.24.0&#8243; _module_preset=&#8220;default&#8220; text_font=&#8220;|||on|||||&#8220; text_text_color=&#8220;#B99764&#8243; text_font_size=&#8220;49px&#8220; text_line_height=&#8220;1.1em&#8220; header_2_text_color=&#8220;#B99764&#8243; header_2_font_size=&#8220;53px&#8220; header_2_line_height=&#8220;1.2em&#8220; text_orientation=&#8220;center&#8220; text_font_size_tablet=&#8220;40px&#8220; text_font_size_phone=&#8220;35px&#8220; text_font_size_last_edited=&#8220;on|phone&#8220; text_line_height_tablet=&#8220;1.1em&#8220; text_line_height_phone=&#8220;1.3em&#8220; text_line_height_last_edited=&#8220;on|phone&#8220; header_2_font_size_tablet=&#8220;43px&#8220; header_2_font_size_phone=&#8220;31px&#8220; header_2_font_size_last_edited=&#8220;on|desktop&#8220; global_colors_info=&#8220;{}&#8220;]<h2>\u00bb<\/h2>\n<h2>Und so unterhalten wir uns ausf\u00fchrlich \u00fcber unsere jeweilige Tennisvergangenheit und die uns verbindenden Sportarten.<br \/><span>\u00ab<\/span><\/h2>[\/et_pb_text][\/et_pb_column][\/et_pb_row][et_pb_row _builder_version=&#8220;4.21.0&#8243; _module_preset=&#8220;default&#8220; width_tablet=&#8220;&#8220; width_phone=&#8220;95%&#8220; width_last_edited=&#8220;on|phone&#8220; max_width=&#8220;942px&#8220; global_colors_info=&#8220;{}&#8220;][et_pb_column type=&#8220;4_4&#8243; _builder_version=&#8220;4.21.0&#8243; _module_preset=&#8220;default&#8220; global_colors_info=&#8220;{}&#8220;][et_pb_text module_id=&#8220;anker4&#8243; _builder_version=&#8220;4.24.0&#8243; _module_preset=&#8220;default&#8220; text_font=&#8220;||||||||&#8220; text_text_color=&#8220;#000000&#8243; text_font_size=&#8220;43px&#8220; text_line_height=&#8220;1.3em&#8220; header_2_font_size=&#8220;35px&#8220; header_2_line_height=&#8220;1.3em&#8220; custom_margin=&#8220;||10px||false|false&#8220; header_2_font_size_tablet=&#8220;35px&#8220; header_2_font_size_phone=&#8220;35px&#8220; header_2_font_size_last_edited=&#8220;on|phone&#8220; global_colors_info=&#8220;{}&#8220;]<h2>Unvermuteter Verlauf der Anzeige-Erstattung<\/h2>[\/et_pb_text][et_pb_text _builder_version=&#8220;4.24.0&#8243; _module_preset=&#8220;default&#8220; text_font=&#8220;Flietext||||||||&#8220; text_text_color=&#8220;#000000&#8243; global_colors_info=&#8220;{}&#8220;]<p>In seinem B\u00fcro sprudele ich \u2013 noch stehend &#8211; sogleich los. \u201eAlso, heute Morgen wollten mein Mann und ich eine Radtour machen\u2026\u201c. Weiter komme ich nicht. \u201eSie setzen sich jetzt erst mal hin und antworten nur auf meine Fragen\u201c, t\u00f6nt mein Pendant bestimmten, aber nicht unfreundlichen Tons. Innerlich rei\u00dfe ich erstaunt meine Augen auf, vergewissere mich, ob mir gegen\u00fcber nun vielleicht doch mein Sohn sitzt und am\u00fcsiere mich k\u00f6stlich. Genau das h\u00e4tte n\u00e4mlich auch er zu mir gesagt. &#8211; Artig erwidere ich: \u201eGut, ich setzte mich hin und beantworte nur Ihre Fragen.\u201c Und schiebe schnell hinterher: \u201eWenn ich das schaffe!\u201c<\/p>\n<p>Mein Gegen\u00fcber, etwa so alt wie mein Filius, erkl\u00e4rt mir, dass die Aufnahme von Anzeigen eigentlich nicht zu seinem Aufgabenbereich geh\u00f6re. Die zust\u00e4ndige Mitarbeiterin sei soeben krankheitsbedingt nach Hause gegangen und er f\u00fcr sie eingesprungen. In den ihm daher nicht so gel\u00e4ufigen Antragsformularen im Computer m\u00fcsse er zun\u00e4chst einmal das f\u00fcr meinen Fall zutreffende raussuchen. Soweit ich ihn richtig verstehe, gilt es zudem, den einen oder anderen Passus &#8211; aus welchem Bereich erschlie\u00dft sich mir nicht &#8211; einzuf\u00fcgen bzw. nicht Zutreffendes zu l\u00f6schen.<\/p>\n<p>Gew\u00fcnscht wortlos lege ich meinem \u201aErsatz-Sachbearbeiter\u2018 den Kostenvoranschlag der Reparatur und meinen Personalausweis hin. Er beginnt mit der Dateneingabe, dreht sich aber ganz schnell zu mir und fragt: \u201eWaren Sie eigentlich fr\u00fcher Lehrerin?\u201c Wie mag er darauf kommen? Vielleicht, weil ich gleich nach Betreten seines B\u00fcros sofort \u201azur Sache\u2018 gekommen bin? Keine Ahnung. Wahrheitsgem\u00e4\u00df verneine ich: wie gew\u00fcnscht, kurz und knapp. Er harkt nach: \u201eWas haben Sie eigentlich beruflich gemacht?\u201c Och, so ganz genau will ich ihn dies eigentlich nicht wissen lassen. Und so sage ich nur, dass ich bei einer Rundfunkanstalt gearbeitet habe. F\u00fcge aber wahrheitsgem\u00e4\u00df rasch hinzu, \u201enicht als Journalistin, aber immer programmnah.\u201c \u201eUnd ihr Mann?\u201c\u00a0 \u201eDer war Journalist\u201c, antworte ich lediglich. \u201eDas passt ja gut zusammen\u201c, findet er und beschlie\u00dft, sein Augenmerk wieder auf das Ausf\u00fcllen des Formulars zu legen.<\/p>\n<p>Nach einer Weile wendet er sich mir wieder zu und interessiert sich daf\u00fcr, welche Art von Sport ich in meinem Leben so betrieben habe. \u201eVor allem Tennis. Mein Mann ebenfalls\u201c. Das weckt Erinnerungen in ihm: \u201eIch auch\u201c, entgegnet er. Und da er ja laut Dienstplan eigentlich \u201eMittagspause hat\u201c, beschlie\u00dft er spontan, diese nun umgehend in Kurzausgabe einzulegen. Und so unterhalten wir uns ausf\u00fchrlich \u00fcber unsere jeweilige Tennisvergangenheit (Respekt, da kann ich nicht mithalten) und die uns des Weiteren verbindenden Sportarten. Ein lockeres, nettes und humorvolles Gespr\u00e4ch.<\/p>\n<p>Ein Weilchen sp\u00e4ter ist die Anzeige unterschriftsreif und ich bin im Besitze des f\u00fcr mich wichtigen Belegs. Den hausinternen Vorschriften entsprechend begleitet mich mein \u201aneugewonnener Freund und Helfer\u2018 zum Hauptausgang, \u00f6ffnet mir die T\u00fcr und l\u00e4chelt. Da wir nicht allein sind, trete ich n\u00e4her an ihn heran und fl\u00fcstere ihm zu: \u201eEs war richtig sch\u00f6n mit Ihnen. Aber wiedersehen m\u00f6chte ich Sie trotzdem nicht!\u201c Er versteht mich richtig, denn wer wird schon gerne bestohlen? Wir lachen uns an und schon bin ich die Rur entlang unterwegs zur Werkstatt und deponiere es dort. Absprache: Die Reparatur erfolgt erst nach Kl\u00e4rung der Kosten\u00fcbernahme durch die Versicherung. Au\u00dferdem: Display nicht mehr in der Halterung befestigen, sondern abnehmbar anbringen.<\/p>[\/et_pb_text][\/et_pb_column][\/et_pb_row][et_pb_row _builder_version=&#8220;4.21.0&#8243; _module_preset=&#8220;default&#8220; width_tablet=&#8220;&#8220; width_phone=&#8220;95%&#8220; width_last_edited=&#8220;on|phone&#8220; max_width=&#8220;942px&#8220; global_colors_info=&#8220;{}&#8220;][et_pb_column type=&#8220;4_4&#8243; _builder_version=&#8220;4.21.0&#8243; _module_preset=&#8220;default&#8220; global_colors_info=&#8220;{}&#8220;][et_pb_text module_id=&#8220;anker5&#8243; _builder_version=&#8220;4.24.0&#8243; _module_preset=&#8220;default&#8220; text_font=&#8220;||||||||&#8220; text_text_color=&#8220;#000000&#8243; text_font_size=&#8220;43px&#8220; text_line_height=&#8220;1.3em&#8220; header_2_font_size=&#8220;35px&#8220; header_2_line_height=&#8220;1.3em&#8220; custom_margin=&#8220;||10px||false|false&#8220; header_2_font_size_tablet=&#8220;35px&#8220; header_2_font_size_phone=&#8220;35px&#8220; header_2_font_size_last_edited=&#8220;on|phone&#8220; global_colors_info=&#8220;{}&#8220;]<h2>Ende gut \u2013 alles gut<\/h2>[\/et_pb_text][et_pb_text _builder_version=&#8220;4.24.0&#8243; _module_preset=&#8220;default&#8220; text_font=&#8220;Flietext||||||||&#8220; text_text_color=&#8220;#000000&#8243; global_colors_info=&#8220;{}&#8220;]<p>Meine gute Laune \u00fcbertr\u00e4gt sich auf der Autofahrt nach Hause spontan auf meinen Mann. Denn kaum im Wagen, schie\u00dfe ich nat\u00fcrlich sofort mit meiner Anzeige-Story los. Im Wohnzimmer gibt es statt des eigentlich in Heimbach vorgesehen gro\u00dfen Eisbechers lediglich ein T\u00e4sschen Kaffee. Danach kontaktiere ich telefonisch unsere Fahrradversicherung und maile ihr anschlie\u00dfend die zur Bearbeitung des Falls erforderlichen Belege per Scan-Anlage zu. Das Ja zur \u00dcbernahme der kompletten Kosten geht bereits am Folgetag bei mir ein. Und genau so reibungslos und schnell verl\u00e4uft die Erstattung der Reparaturkosten: Zwei Tage nach der Rechnungszusendung waren sie beglichen.<\/p>[\/et_pb_text][\/et_pb_column][\/et_pb_row][et_pb_row custom_padding_last_edited=&#8220;on|phone&#8220; _builder_version=&#8220;4.21.0&#8243; _module_preset=&#8220;default&#8220; background_color=&#8220;#F9F7F6&#8243; width_tablet=&#8220;&#8220; width_phone=&#8220;95%&#8220; width_last_edited=&#8220;on|phone&#8220; max_width=&#8220;942px&#8220; custom_margin=&#8220;10px||10px||false|false&#8220; custom_padding=&#8220;50px|50px|13px|50px|false|false&#8220; custom_padding_tablet=&#8220;50px|50px|13px|50px|false|false&#8220; custom_padding_phone=&#8220;25px|5px|1px|5px|false|false&#8220; global_colors_info=&#8220;{}&#8220;][et_pb_column type=&#8220;4_4&#8243; _builder_version=&#8220;4.21.0&#8243; _module_preset=&#8220;default&#8220; global_colors_info=&#8220;{}&#8220;][et_pb_text module_id=&#8220;anker6&#8243; _builder_version=&#8220;4.24.0&#8243; _module_preset=&#8220;default&#8220; text_font=&#8220;Flietext Fett|700||on|||||&#8220; text_text_color=&#8220;#B99764&#8243; text_font_size=&#8220;35px&#8220; text_line_height=&#8220;1.3em&#8220; header_4_text_color=&#8220;#000000&#8243; header_4_font_size=&#8220;28px&#8220; header_5_text_color=&#8220;#B99764&#8243; header_5_font_size=&#8220;47px&#8220; custom_margin=&#8220;||10px||false|false&#8220; text_font_size_tablet=&#8220;35px&#8220; text_font_size_phone=&#8220;22px&#8220; text_font_size_last_edited=&#8220;on|phone&#8220; header_4_font_size_tablet=&#8220;28px&#8220; header_4_font_size_phone=&#8220;25px&#8220; header_4_font_size_last_edited=&#8220;on|phone&#8220; global_colors_info=&#8220;{}&#8220;]<h2>Tipps bei Diebstahl oder Vandalismus am E-Bike<\/h2>[\/et_pb_text][et_pb_text module_class=&#8220;lwp-bullet-color&#8220; _builder_version=&#8220;4.24.0&#8243; _module_preset=&#8220;default&#8220; text_font=&#8220;||||||||&#8220; text_text_color=&#8220;#000000&#8243; custom_margin=&#8220;||||false|false&#8220; custom_padding=&#8220;||||false|false&#8220; text_font_size_tablet=&#8220;&#8220; text_font_size_phone=&#8220;&#8220; text_font_size_last_edited=&#8220;on|phone&#8220; global_colors_info=&#8220;{}&#8220;]<ul>\n<li>Wichtig bei Kauf: <strong>Fahrradversicherung<\/strong> abschlie\u00dfen! Anbieter gibt es viele. Via Upgrade ist es zumeist auch m\u00f6glich, die eigene Hausrat-Versicherung entsprechend zu erweitern. Unbedingt auf die Konditionen achten. Oftmals vereinbar: Entsch\u00e4digungsh\u00f6he und\u00a0 -grenzen.<\/li>\n<li>Empfehlenswert zum Schutz vor Display-Diebstahl: vorsorglich die <strong>abnehmbare Display-Variante<\/strong> w\u00e4hlen.<\/li>\n<li>Auch bei Diebstahl am Fahrrad gilt: <strong>Meldung bei der Polizei<\/strong> innerhalb von 48 Stunden. Das geht pers\u00f6nlich bei der n\u00e4chsten Polizeidienststelle, der Dienststelle am Heimatort oder auch online. In Nordrhein-Westfalen beispielsweise unter <a href=\"https:\/\/interwache.polizei.nrw\"><em>https:\/\/interwache.polizei.nrw<\/em><\/a> oder bundesweit unter <a href=\"https:\/\/online-strafanzeige.de\"><em>https:\/\/online-strafanzeige.de<\/em><\/a><em>.<\/em> Nach Erstattung der Anzeige umgehend die Versicherung kontaktieren.<\/li>\n<\/ul>[\/et_pb_text][\/et_pb_column][\/et_pb_row][et_pb_row column_structure=&#8220;1_4,3_4&#8243; make_equal=&#8220;on&#8220; module_id=&#8220;author-box&#8220; _builder_version=&#8220;4.21.0&#8243; _module_preset=&#8220;default&#8220; background_color=&#8220;#F9F7F6&#8243; width_tablet=&#8220;&#8220; width_phone=&#8220;95%&#8220; width_last_edited=&#8220;on|phone&#8220; max_width=&#8220;942px&#8220; custom_padding=&#8220;|20px||20px|false|false&#8220; global_module=&#8220;239723&#8243; saved_tabs=&#8220;all&#8220; global_colors_info=&#8220;{}&#8220;][et_pb_column type=&#8220;1_4&#8243; module_id=&#8220;vertical-align&#8220; module_class=&#8220;vertical-align&#8220; _builder_version=&#8220;4.21.0&#8243; _module_preset=&#8220;default&#8220; global_colors_info=&#8220;{}&#8220;][et_pb_image src=&#8220;https:\/\/www.schoenes-leben.org\/magazin\/wp-content\/uploads\/2023\/10\/passionierte-Schreiber.png&#8220; alt=&#8220;Autorin Magazin hier&#038;jetzt&#8220; title_text=&#8220;passionierte Schreiber&#8220; align=&#8220;center&#8220; align_tablet=&#8220;center&#8220; align_phone=&#8220;left&#8220; align_last_edited=&#8220;on|phone&#8220; _builder_version=&#8220;4.24.0&#8243; _module_preset=&#8220;default&#8220; max_width_tablet=&#8220;43%&#8220; max_width_phone=&#8220;31%&#8220; max_width_last_edited=&#8220;on|phone&#8220; module_alignment=&#8220;center&#8220; module_alignment_tablet=&#8220;left&#8220; module_alignment_phone=&#8220;left&#8220; module_alignment_last_edited=&#8220;on|phone&#8220; global_colors_info=&#8220;{}&#8220;][\/et_pb_image][\/et_pb_column][et_pb_column type=&#8220;3_4&#8243; module_class=&#8220;vertical-align&#8220; _builder_version=&#8220;4.21.0&#8243; _module_preset=&#8220;default&#8220; global_colors_info=&#8220;{}&#8220;][et_pb_text _builder_version=&#8220;4.24.0&#8243; _module_preset=&#8220;default&#8220; text_font=&#8220;Flietext Fett||||||||&#8220; text_text_color=&#8220;#000000&#8243; custom_margin=&#8220;0px|0px|0px|0px|false|false&#8220; custom_padding=&#8220;0px|0px|0px|0px|false|false&#8220; global_colors_info=&#8220;{}&#8220;]<p><strong>Unsere passionierten Schreiber<br \/><\/strong><\/p>[\/et_pb_text][et_pb_text _builder_version=&#8220;4.24.0&#8243; _module_preset=&#8220;default&#8220; text_font=&#8220;Flietext||||||||&#8220; text_text_color=&#8220;#000000&#8243; global_colors_info=&#8220;{}&#8220;]<p>In dieser Kategorie unseres digitalen Magazins kommen talentierte und leidenschaftliche Autoren zusammen, um ihre Expertise in den Bereichen Genuss, Lebensfreude, Lebensraum und Vitalit\u00e4t zu teilen. Unsere passionierten Schreiber sind ein Mix von Autoren, die verschiedene Generationen, Hintergr\u00fcnde und Lebenserfahrungen repr\u00e4sentieren und die Vielfalt des Lebens widerspiegeln. Die Schreibergemeinschaft interessiert sich leidenschaftlich f\u00fcr die sch\u00f6nen Seiten des Lebens und teilt ihr Wissen, ihre Erfahrungen und ihre kreativen Gedanken mit Ihnen. Tauchen Sie ein in unsere Sammlung von Beitr\u00e4gen und lassen Sie sich von ihrer Leidenschaft f\u00fcr das Schreiben begeistern.<\/p>\n<p><a href=\"https:\/\/www.schoenes-leben.org\/magazin\/unsere-autoren\/\"><strong><span style=\"text-decoration: underline;\">Unsere Autoren<\/span><\/strong><\/a><\/p>[\/et_pb_text][\/et_pb_column][\/et_pb_row][et_pb_row module_id=&#8220;anker4&#8243; _builder_version=&#8220;4.21.2&#8243; _module_preset=&#8220;default&#8220; width_tablet=&#8220;&#8220; width_phone=&#8220;95%&#8220; width_last_edited=&#8220;on|phone&#8220; max_width=&#8220;942px&#8220; custom_margin=&#8220;20px||50px||false|false&#8220; custom_padding=&#8220;||36px|||&#8220; border_width_top=&#8220;1px&#8220; border_width_bottom=&#8220;1px&#8220; global_module=&#8220;239744&#8243; global_colors_info=&#8220;{}&#8220;][et_pb_column type=&#8220;4_4&#8243; _builder_version=&#8220;4.21.0&#8243; _module_preset=&#8220;default&#8220; global_colors_info=&#8220;{}&#8220;][et_pb_text _builder_version=&#8220;4.21.2&#8243; _module_preset=&#8220;default&#8220; text_font=&#8220;Flietext Fett||||||||&#8220; text_text_color=&#8220;#000000&#8243; text_font_size=&#8220;30px&#8220; header_4_font_size=&#8220;40px&#8220; max_width_tablet=&#8220;74%&#8220; max_width_phone=&#8220;92%&#8220; max_width_last_edited=&#8220;on|phone&#8220; module_alignment=&#8220;center&#8220; link_option_url=&#8220;https:\/\/www.schoenes-leben.org\/magazin\/newsletter-abonnieren\/&#8220; text_font_size_tablet=&#8220;30px&#8220; text_font_size_phone=&#8220;27px&#8220; text_font_size_last_edited=&#8220;on|phone&#8220; header_4_font_size_tablet=&#8220;35px&#8220; header_4_font_size_phone=&#8220;26px&#8220; header_4_font_size_last_edited=&#8220;on|tablet&#8220; global_colors_info=&#8220;{}&#8220; text_text_color__hover_enabled=&#8220;on|hover&#8220; text_text_color__hover=&#8220;#B99764&#8243; header_4_font_size__hover_enabled=&#8220;off|desktop&#8220;]<h4 style=\"text-align: center;\">Beitrag teilen<\/h4>[\/et_pb_text][et_pb_code _builder_version=&#8220;4.22.2&#8243; _module_preset=&#8220;default&#8220; global_colors_info=&#8220;{}&#8220;]<div class=\"shariff shariff-align-center shariff-widget-align-center\"><ul class=\"shariff-buttons theme-color orientation-horizontal buttonsize-medium\"><li class=\"shariff-button facebook\" style=\"background-color:#4273c8\"><a href=\"https:\/\/www.facebook.com\/sharer\/sharer.php?u=https%3A%2F%2Fwww.schoenes-leben.org%2Fmagazin%2Flebenfreude%2Fnicht-jede-fahrradtour-verlaeuft-wie-geplant-der-polizist-mein-freund-und-helfer%2F\" title=\"Bei Facebook teilen\" aria-label=\"Bei Facebook teilen\" role=\"button\" rel=\"nofollow\" class=\"shariff-link\" style=\"; background-color:#b99764; color:#fff\" target=\"_blank\"><span class=\"shariff-icon\" style=\"\"><svg width=\"32px\" height=\"20px\" xmlns=\"http:\/\/www.w3.org\/2000\/svg\" viewBox=\"0 0 18 32\"><path fill=\"#3b5998\" d=\"M17.1 0.2v4.7h-2.8q-1.5 0-2.1 0.6t-0.5 1.9v3.4h5.2l-0.7 5.3h-4.5v13.6h-5.5v-13.6h-4.5v-5.3h4.5v-3.9q0-3.3 1.9-5.2t5-1.8q2.6 0 4.1 0.2z\"\/><\/svg><\/span><span class=\"shariff-text\">teilen<\/span>&nbsp;<\/a><\/li><li class=\"shariff-button linkedin\" style=\"background-color:#1488bf\"><a href=\"https:\/\/www.linkedin.com\/sharing\/share-offsite\/?url=https%3A%2F%2Fwww.schoenes-leben.org%2Fmagazin%2Flebenfreude%2Fnicht-jede-fahrradtour-verlaeuft-wie-geplant-der-polizist-mein-freund-und-helfer%2F\" title=\"Bei LinkedIn teilen\" aria-label=\"Bei LinkedIn teilen\" role=\"button\" rel=\"noopener nofollow\" class=\"shariff-link\" style=\"; background-color:#b99764; color:#fff\" target=\"_blank\"><span class=\"shariff-icon\" style=\"\"><svg width=\"32px\" height=\"20px\" xmlns=\"http:\/\/www.w3.org\/2000\/svg\" viewBox=\"0 0 27 32\"><path fill=\"#0077b5\" d=\"M6.2 11.2v17.7h-5.9v-17.7h5.9zM6.6 5.7q0 1.3-0.9 2.2t-2.4 0.9h0q-1.5 0-2.4-0.9t-0.9-2.2 0.9-2.2 2.4-0.9 2.4 0.9 0.9 2.2zM27.4 18.7v10.1h-5.9v-9.5q0-1.9-0.7-2.9t-2.3-1.1q-1.1 0-1.9 0.6t-1.2 1.5q-0.2 0.5-0.2 1.4v9.9h-5.9q0-7.1 0-11.6t0-5.3l0-0.9h5.9v2.6h0q0.4-0.6 0.7-1t1-0.9 1.6-0.8 2-0.3q3 0 4.9 2t1.9 6z\"\/><\/svg><\/span><span class=\"shariff-text\">teilen<\/span>&nbsp;<\/a><\/li><li class=\"shariff-button whatsapp\" style=\"background-color:#5cbe4a\"><a href=\"https:\/\/api.whatsapp.com\/send?text=https%3A%2F%2Fwww.schoenes-leben.org%2Fmagazin%2Flebenfreude%2Fnicht-jede-fahrradtour-verlaeuft-wie-geplant-der-polizist-mein-freund-und-helfer%2F%20Nicht%20jede%20Fahrradtour%20verl%C3%A4uft%20wie%20geplant%3A%20Der%20Polizist%2C%20mein%20Freund%20und%20Helfer\" title=\"Bei Whatsapp teilen\" aria-label=\"Bei Whatsapp teilen\" role=\"button\" rel=\"noopener nofollow\" class=\"shariff-link\" style=\"; background-color:#b99764; color:#fff\" target=\"_blank\"><span class=\"shariff-icon\" style=\"\"><svg width=\"32px\" height=\"20px\" xmlns=\"http:\/\/www.w3.org\/2000\/svg\" viewBox=\"0 0 32 32\"><path fill=\"#34af23\" d=\"M17.6 17.4q0.2 0 1.7 0.8t1.6 0.9q0 0.1 0 0.3 0 0.6-0.3 1.4-0.3 0.7-1.3 1.2t-1.8 0.5q-1 0-3.4-1.1-1.7-0.8-3-2.1t-2.6-3.3q-1.3-1.9-1.3-3.5v-0.1q0.1-1.6 1.3-2.8 0.4-0.4 0.9-0.4 0.1 0 0.3 0t0.3 0q0.3 0 0.5 0.1t0.3 0.5q0.1 0.4 0.6 1.6t0.4 1.3q0 0.4-0.6 1t-0.6 0.8q0 0.1 0.1 0.3 0.6 1.3 1.8 2.4 1 0.9 2.7 1.8 0.2 0.1 0.4 0.1 0.3 0 1-0.9t0.9-0.9zM14 26.9q2.3 0 4.3-0.9t3.6-2.4 2.4-3.6 0.9-4.3-0.9-4.3-2.4-3.6-3.6-2.4-4.3-0.9-4.3 0.9-3.6 2.4-2.4 3.6-0.9 4.3q0 3.6 2.1 6.6l-1.4 4.2 4.3-1.4q2.8 1.9 6.2 1.9zM14 2.2q2.7 0 5.2 1.1t4.3 2.9 2.9 4.3 1.1 5.2-1.1 5.2-2.9 4.3-4.3 2.9-5.2 1.1q-3.5 0-6.5-1.7l-7.4 2.4 2.4-7.2q-1.9-3.2-1.9-6.9 0-2.7 1.1-5.2t2.9-4.3 4.3-2.9 5.2-1.1z\"\/><\/svg><\/span><span class=\"shariff-text\">teilen<\/span>&nbsp;<\/a><\/li><li class=\"shariff-button xing\" style=\"background-color:#29888a\"><a href=\"https:\/\/www.xing.com\/spi\/shares\/new?url=https%3A%2F%2Fwww.schoenes-leben.org%2Fmagazin%2Flebenfreude%2Fnicht-jede-fahrradtour-verlaeuft-wie-geplant-der-polizist-mein-freund-und-helfer%2F\" title=\"Bei XING teilen\" aria-label=\"Bei XING teilen\" role=\"button\" rel=\"noopener nofollow\" class=\"shariff-link\" style=\"; background-color:#b99764; color:#fff\" target=\"_blank\"><span class=\"shariff-icon\" style=\"\"><svg width=\"32px\" height=\"20px\" xmlns=\"http:\/\/www.w3.org\/2000\/svg\" viewBox=\"0 0 25 32\"><path fill=\"#126567\" d=\"M10.7 11.9q-0.2 0.3-4.6 8.2-0.5 0.8-1.2 0.8h-4.3q-0.4 0-0.5-0.3t0-0.6l4.5-8q0 0 0 0l-2.9-5q-0.2-0.4 0-0.7 0.2-0.3 0.5-0.3h4.3q0.7 0 1.2 0.8zM25.1 0.4q0.2 0.3 0 0.7l-9.4 16.7 6 11q0.2 0.4 0 0.6-0.2 0.3-0.6 0.3h-4.3q-0.7 0-1.2-0.8l-6-11.1q0.3-0.6 9.5-16.8 0.4-0.8 1.2-0.8h4.3q0.4 0 0.5 0.3z\"\/><\/svg><\/span><span class=\"shariff-text\">teilen<\/span>&nbsp;<\/a><\/li><\/ul><\/div>[\/et_pb_code][\/et_pb_column][\/et_pb_row][\/et_pb_section][et_pb_section fb_built=&#8220;1&#8243; custom_padding_last_edited=&#8220;on|tablet&#8220; admin_label=&#8220;Post Slider&#8220; _builder_version=&#8220;4.21.0&#8243; _module_preset=&#8220;default&#8220; custom_padding=&#8220;40px||||false|false&#8220; custom_padding_tablet=&#8220;0px||||false|false&#8220; custom_padding_phone=&#8220;0px||||false|false&#8220; global_module=&#8220;239577&#8243; collapsed=&#8220;on&#8220; global_colors_info=&#8220;{}&#8220;][et_pb_row _builder_version=&#8220;4.21.0&#8243; _module_preset=&#8220;default&#8220; width=&#8220;100%&#8220; max_width=&#8220;100%&#8220; custom_margin=&#8220;||80px||false|false&#8220; border_width_top=&#8220;1px&#8220; border_color_top=&#8220;#000000&#8243; border_width_bottom=&#8220;1px&#8220; border_color_bottom=&#8220;#000000&#8243; global_colors_info=&#8220;{}&#8220;][et_pb_column type=&#8220;4_4&#8243; _builder_version=&#8220;4.21.0&#8243; _module_preset=&#8220;default&#8220; global_colors_info=&#8220;{}&#8220;][et_pb_text _builder_version=&#8220;4.21.2&#8243; _module_preset=&#8220;default&#8220; text_font=&#8220;Flietext Fett||||||||&#8220; text_text_color=&#8220;#000000&#8243; text_font_size=&#8220;30px&#8220; header_4_font_size=&#8220;40px&#8220; max_width_tablet=&#8220;74%&#8220; max_width_phone=&#8220;92%&#8220; max_width_last_edited=&#8220;on|phone&#8220; module_alignment=&#8220;center&#8220; link_option_url=&#8220;https:\/\/www.schoenes-leben.org\/magazin\/newsletter-abonnieren\/&#8220; text_font_size_tablet=&#8220;30px&#8220; text_font_size_phone=&#8220;27px&#8220; text_font_size_last_edited=&#8220;on|phone&#8220; header_4_font_size_tablet=&#8220;35px&#8220; header_4_font_size_phone=&#8220;26px&#8220; header_4_font_size_last_edited=&#8220;on|tablet&#8220; global_colors_info=&#8220;{}&#8220; text_text_color__hover_enabled=&#8220;on|hover&#8220; text_text_color__hover=&#8220;#B99764&#8243; header_4_font_size__hover_enabled=&#8220;off|desktop&#8220;]<h4 style=\"text-align: center;\">Verpassen Sie keine Themen mehr. <span style=\"color: #b99764;\">Jetzt abonnieren<\/span><\/h4>[\/et_pb_text][\/et_pb_column][\/et_pb_row][et_pb_row _builder_version=&#8220;4.21.0&#8243; _module_preset=&#8220;default&#8220; width=&#8220;91%&#8220; max_width=&#8220;1771px&#8220; global_colors_info=&#8220;{}&#8220;][et_pb_column type=&#8220;4_4&#8243; _builder_version=&#8220;4.20.0&#8243; _module_preset=&#8220;default&#8220; global_colors_info=&#8220;{}&#8220;][et_pb_text _builder_version=&#8220;4.22.2&#8243; _module_preset=&#8220;default&#8220; text_font=&#8220;||||||||&#8220; text_text_color=&#8220;#000000&#8243; text_font_size=&#8220;55px&#8220; header_font_size=&#8220;56px&#8220; header_2_font_size=&#8220;56px&#8220; module_alignment=&#8220;center&#8220; custom_margin=&#8220;||40px||false|false&#8220; text_font_size_tablet=&#8220;55px&#8220; text_font_size_phone=&#8220;42px&#8220; text_font_size_last_edited=&#8220;on|phone&#8220; header_2_font_size_tablet=&#8220;56px&#8220; header_2_font_size_phone=&#8220;45px&#8220; header_2_font_size_last_edited=&#8220;on|phone&#8220; global_colors_info=&#8220;{}&#8220;]<h2 style=\"text-align: center;\">Lesen Sie auch<\/h2>[\/et_pb_text][et_pb_blog_extras include_current_taxonomy=&#8220;on&#8220; posts_number=&#8220;4&#8243; blog_layout=&#8220;masonry&#8220; masonry_layout=&#8220;grid_extended&#8220; masonry_columns=&#8220;2&#8243; featured_image_size=&#8220;full&#8220; excerpt_length=&#8220;0&#8243; read_more_text=&#8220;jetzt lesen&#8220; show_date=&#8220;off&#8220; show_categories=&#8220;off&#8220; show_comments=&#8220;off&#8220; disabled_on=&#8220;off|off|off&#8220; masonry_columns_tablet=&#8220;2&#8243; masonry_columns_phone=&#8220;1&#8243; masonry_columns_last_edited=&#8220;on|tablet&#8220; _builder_version=&#8220;4.22.2&#8243; _module_preset=&#8220;default&#8220; header_level=&#8220;h4&#8243; header_font=&#8220;||||||||&#8220; header_font_size=&#8220;21px&#8220; header_line_height=&#8220;1.3em&#8220; body_font=&#8220;Flietext||||||||&#8220; body_text_color=&#8220;#000000&#8243; body_line_height=&#8220;1.5em&#8220; meta_text_color=&#8220;#B99764&#8243; meta_line_height=&#8220;1em&#8220; background_color=&#8220;RGBA(255,255,255,0)&#8220; read_more_alignment=&#8220;left&#8220; custom_margin=&#8220;||||false|false&#8220; custom_padding=&#8220;||||false|false&#8220; global_colors_info=&#8220;{}&#8220;][\/et_pb_blog_extras][\/et_pb_column][\/et_pb_row][\/et_pb_section]\n","protected":false},"excerpt":{"rendered":"<p>Ein sonniger, warmer Herbsttag. Perfekt f\u00fcr eine Fahrradtour nach Heimbach. Erholsam flach entlang der Rur, E-Bike-unterst\u00fctzt hinauf die recht steilen und f\u00fcr mich anstrengenden Anstiege der Waldh\u00f6hen und wieder hinab ins Tal sausen. Im Eifelst\u00e4dtchen den Blick auf die Burg und das alte Ortszentrum genie\u00dfen, auf einer Bank am Rur-Ufer gen\u00fcsslich den in der Eisdiele erstandenen \u201agro\u00dfen\u2018 Eisbecher leeren. Doch nicht jede Fahrradtour verl\u00e4uft wie geplant &#8230; <\/p>\n","protected":false},"author":11,"featured_media":240083,"comment_status":"closed","ping_status":"closed","sticky":false,"template":"","format":"standard","meta":{"_et_pb_use_builder":"on","_et_pb_old_content":"","_et_gb_content_width":"2880","footnotes":""},"categories":[11],"tags":[],"class_list":["post-240080","post","type-post","status-publish","format-standard","has-post-thumbnail","hentry","category-lebenfreude"],"yoast_head":"<!-- This site is optimized with the Yoast SEO plugin v27.5 - https:\/\/yoast.com\/product\/yoast-seo-wordpress\/ -->\n<title>Flexibel auf Herausforderungen reagieren: Eine Alltagsgeschichte<\/title>\n<meta name=\"description\" content=\"Flexibilit\u00e4t \u2713 Gelassenheit \u2713 L\u00f6sungen \u2713 \u25ba Tipps bei Diebstahl und wie kleine Umwege Ihren Alltag bereichern k\u00f6nnen!\" \/>\n<meta name=\"robots\" content=\"index, follow, max-snippet:-1, max-image-preview:large, max-video-preview:-1\" \/>\n<link rel=\"canonical\" href=\"https:\/\/www.schoenes-leben.org\/magazin\/lebenfreude\/nicht-jede-fahrradtour-verlaeuft-wie-geplant-der-polizist-mein-freund-und-helfer\/\" \/>\n<meta property=\"og:locale\" content=\"de_DE\" \/>\n<meta property=\"og:type\" content=\"article\" \/>\n<meta property=\"og:title\" content=\"Flexibel auf Herausforderungen reagieren: Eine Alltagsgeschichte\" \/>\n<meta property=\"og:description\" content=\"Flexibilit\u00e4t \u2713 Gelassenheit \u2713 L\u00f6sungen \u2713 \u25ba Tipps bei Diebstahl und wie kleine Umwege Ihren Alltag bereichern k\u00f6nnen!\" \/>\n<meta property=\"og:url\" content=\"https:\/\/www.schoenes-leben.org\/magazin\/lebenfreude\/nicht-jede-fahrradtour-verlaeuft-wie-geplant-der-polizist-mein-freund-und-helfer\/\" \/>\n<meta property=\"og:site_name\" content=\"hier&amp;jetzt\" \/>\n<meta property=\"article:published_time\" content=\"2024-05-22T13:50:37+00:00\" \/>\n<meta property=\"article:modified_time\" content=\"2024-12-02T09:47:45+00:00\" \/>\n<meta property=\"og:image\" content=\"https:\/\/www.schoenes-leben.org\/magazin\/wp-content\/uploads\/2024\/05\/markus-spiske-B80FcaDLWCc-unsplash-scaled-e1716385190177.jpg\" \/>\n\t<meta property=\"og:image:width\" content=\"1706\" \/>\n\t<meta property=\"og:image:height\" content=\"1646\" \/>\n\t<meta property=\"og:image:type\" content=\"image\/jpeg\" \/>\n<meta name=\"author\" content=\"einem passionierten Schreiber\" \/>\n<meta name=\"twitter:card\" content=\"summary_large_image\" \/>\n<meta name=\"twitter:label1\" content=\"Verfasst von\" \/>\n\t<meta name=\"twitter:data1\" content=\"einem passionierten Schreiber\" \/>\n\t<meta name=\"twitter:label2\" content=\"Gesch\u00e4tzte Lesezeit\" \/>\n\t<meta name=\"twitter:data2\" content=\"10\u00a0Minuten\" \/>\n<script type=\"application\/ld+json\" class=\"yoast-schema-graph\">{\"@context\":\"https:\\\/\\\/schema.org\",\"@graph\":[{\"@type\":\"Article\",\"@id\":\"https:\\\/\\\/www.schoenes-leben.org\\\/magazin\\\/lebenfreude\\\/nicht-jede-fahrradtour-verlaeuft-wie-geplant-der-polizist-mein-freund-und-helfer\\\/#article\",\"isPartOf\":{\"@id\":\"https:\\\/\\\/www.schoenes-leben.org\\\/magazin\\\/lebenfreude\\\/nicht-jede-fahrradtour-verlaeuft-wie-geplant-der-polizist-mein-freund-und-helfer\\\/\"},\"author\":{\"name\":\"einem passionierten Schreiber\",\"@id\":\"https:\\\/\\\/www.schoenes-leben.org\\\/magazin\\\/#\\\/schema\\\/person\\\/d6c299b05c17290aeb17f2f60656f95a\"},\"headline\":\"Nicht jede Fahrradtour verl\u00e4uft wie geplant: Der Polizist, mein Freund und Helfer\",\"datePublished\":\"2024-05-22T13:50:37+00:00\",\"dateModified\":\"2024-12-02T09:47:45+00:00\",\"mainEntityOfPage\":{\"@id\":\"https:\\\/\\\/www.schoenes-leben.org\\\/magazin\\\/lebenfreude\\\/nicht-jede-fahrradtour-verlaeuft-wie-geplant-der-polizist-mein-freund-und-helfer\\\/\"},\"wordCount\":4269,\"image\":{\"@id\":\"https:\\\/\\\/www.schoenes-leben.org\\\/magazin\\\/lebenfreude\\\/nicht-jede-fahrradtour-verlaeuft-wie-geplant-der-polizist-mein-freund-und-helfer\\\/#primaryimage\"},\"thumbnailUrl\":\"https:\\\/\\\/www.schoenes-leben.org\\\/magazin\\\/wp-content\\\/uploads\\\/2024\\\/05\\\/markus-spiske-B80FcaDLWCc-unsplash-scaled-e1716385190177.jpg\",\"articleSection\":[\"Lebenfreude\"],\"inLanguage\":\"de\"},{\"@type\":\"WebPage\",\"@id\":\"https:\\\/\\\/www.schoenes-leben.org\\\/magazin\\\/lebenfreude\\\/nicht-jede-fahrradtour-verlaeuft-wie-geplant-der-polizist-mein-freund-und-helfer\\\/\",\"url\":\"https:\\\/\\\/www.schoenes-leben.org\\\/magazin\\\/lebenfreude\\\/nicht-jede-fahrradtour-verlaeuft-wie-geplant-der-polizist-mein-freund-und-helfer\\\/\",\"name\":\"Flexibel auf Herausforderungen reagieren: Eine Alltagsgeschichte\",\"isPartOf\":{\"@id\":\"https:\\\/\\\/www.schoenes-leben.org\\\/magazin\\\/#website\"},\"primaryImageOfPage\":{\"@id\":\"https:\\\/\\\/www.schoenes-leben.org\\\/magazin\\\/lebenfreude\\\/nicht-jede-fahrradtour-verlaeuft-wie-geplant-der-polizist-mein-freund-und-helfer\\\/#primaryimage\"},\"image\":{\"@id\":\"https:\\\/\\\/www.schoenes-leben.org\\\/magazin\\\/lebenfreude\\\/nicht-jede-fahrradtour-verlaeuft-wie-geplant-der-polizist-mein-freund-und-helfer\\\/#primaryimage\"},\"thumbnailUrl\":\"https:\\\/\\\/www.schoenes-leben.org\\\/magazin\\\/wp-content\\\/uploads\\\/2024\\\/05\\\/markus-spiske-B80FcaDLWCc-unsplash-scaled-e1716385190177.jpg\",\"datePublished\":\"2024-05-22T13:50:37+00:00\",\"dateModified\":\"2024-12-02T09:47:45+00:00\",\"author\":{\"@id\":\"https:\\\/\\\/www.schoenes-leben.org\\\/magazin\\\/#\\\/schema\\\/person\\\/d6c299b05c17290aeb17f2f60656f95a\"},\"description\":\"Flexibilit\u00e4t \u2713 Gelassenheit \u2713 L\u00f6sungen \u2713 \u25ba Tipps bei Diebstahl und wie kleine Umwege Ihren Alltag bereichern k\u00f6nnen!\",\"breadcrumb\":{\"@id\":\"https:\\\/\\\/www.schoenes-leben.org\\\/magazin\\\/lebenfreude\\\/nicht-jede-fahrradtour-verlaeuft-wie-geplant-der-polizist-mein-freund-und-helfer\\\/#breadcrumb\"},\"inLanguage\":\"de\",\"potentialAction\":[{\"@type\":\"ReadAction\",\"target\":[\"https:\\\/\\\/www.schoenes-leben.org\\\/magazin\\\/lebenfreude\\\/nicht-jede-fahrradtour-verlaeuft-wie-geplant-der-polizist-mein-freund-und-helfer\\\/\"]}]},{\"@type\":\"ImageObject\",\"inLanguage\":\"de\",\"@id\":\"https:\\\/\\\/www.schoenes-leben.org\\\/magazin\\\/lebenfreude\\\/nicht-jede-fahrradtour-verlaeuft-wie-geplant-der-polizist-mein-freund-und-helfer\\\/#primaryimage\",\"url\":\"https:\\\/\\\/www.schoenes-leben.org\\\/magazin\\\/wp-content\\\/uploads\\\/2024\\\/05\\\/markus-spiske-B80FcaDLWCc-unsplash-scaled-e1716385190177.jpg\",\"contentUrl\":\"https:\\\/\\\/www.schoenes-leben.org\\\/magazin\\\/wp-content\\\/uploads\\\/2024\\\/05\\\/markus-spiske-B80FcaDLWCc-unsplash-scaled-e1716385190177.jpg\",\"width\":1706,\"height\":1646,\"caption\":\"Display Diebstahl - was tun?\"},{\"@type\":\"BreadcrumbList\",\"@id\":\"https:\\\/\\\/www.schoenes-leben.org\\\/magazin\\\/lebenfreude\\\/nicht-jede-fahrradtour-verlaeuft-wie-geplant-der-polizist-mein-freund-und-helfer\\\/#breadcrumb\",\"itemListElement\":[{\"@type\":\"ListItem\",\"position\":1,\"name\":\"Startseite\",\"item\":\"https:\\\/\\\/www.schoenes-leben.org\\\/magazin\\\/\"},{\"@type\":\"ListItem\",\"position\":2,\"name\":\"Nicht jede Fahrradtour verl\u00e4uft wie geplant: Der Polizist, mein Freund und Helfer\"}]},{\"@type\":\"WebSite\",\"@id\":\"https:\\\/\\\/www.schoenes-leben.org\\\/magazin\\\/#website\",\"url\":\"https:\\\/\\\/www.schoenes-leben.org\\\/magazin\\\/\",\"name\":\"hier&amp;jetzt\",\"description\":\"Das Magazin der SCH\u00d6NES LEBEN Gruppe\",\"potentialAction\":[{\"@type\":\"SearchAction\",\"target\":{\"@type\":\"EntryPoint\",\"urlTemplate\":\"https:\\\/\\\/www.schoenes-leben.org\\\/magazin\\\/?s={search_term_string}\"},\"query-input\":{\"@type\":\"PropertyValueSpecification\",\"valueRequired\":true,\"valueName\":\"search_term_string\"}}],\"inLanguage\":\"de\"},{\"@type\":\"Person\",\"@id\":\"https:\\\/\\\/www.schoenes-leben.org\\\/magazin\\\/#\\\/schema\\\/person\\\/d6c299b05c17290aeb17f2f60656f95a\",\"name\":\"einem passionierten Schreiber\",\"image\":{\"@type\":\"ImageObject\",\"inLanguage\":\"de\",\"@id\":\"https:\\\/\\\/secure.gravatar.com\\\/avatar\\\/021535e5b55c37afdd3b326f6cab558c4ee08f0edb96d61f68b527f7aba8e1c2?s=96&d=mm&r=g\",\"url\":\"https:\\\/\\\/secure.gravatar.com\\\/avatar\\\/021535e5b55c37afdd3b326f6cab558c4ee08f0edb96d61f68b527f7aba8e1c2?s=96&d=mm&r=g\",\"contentUrl\":\"https:\\\/\\\/secure.gravatar.com\\\/avatar\\\/021535e5b55c37afdd3b326f6cab558c4ee08f0edb96d61f68b527f7aba8e1c2?s=96&d=mm&r=g\",\"caption\":\"einem passionierten Schreiber\"},\"url\":\"https:\\\/\\\/www.schoenes-leben.org\\\/magazin\\\/author\\\/einem-passionierten-schreiber\\\/\"}]}<\/script>\n<!-- \/ Yoast SEO plugin. -->","yoast_head_json":{"title":"Flexibel auf Herausforderungen reagieren: Eine Alltagsgeschichte","description":"Flexibilit\u00e4t \u2713 Gelassenheit \u2713 L\u00f6sungen \u2713 \u25ba Tipps bei Diebstahl und wie kleine Umwege Ihren Alltag bereichern k\u00f6nnen!","robots":{"index":"index","follow":"follow","max-snippet":"max-snippet:-1","max-image-preview":"max-image-preview:large","max-video-preview":"max-video-preview:-1"},"canonical":"https:\/\/www.schoenes-leben.org\/magazin\/lebenfreude\/nicht-jede-fahrradtour-verlaeuft-wie-geplant-der-polizist-mein-freund-und-helfer\/","og_locale":"de_DE","og_type":"article","og_title":"Flexibel auf Herausforderungen reagieren: Eine Alltagsgeschichte","og_description":"Flexibilit\u00e4t \u2713 Gelassenheit \u2713 L\u00f6sungen \u2713 \u25ba Tipps bei Diebstahl und wie kleine Umwege Ihren Alltag bereichern k\u00f6nnen!","og_url":"https:\/\/www.schoenes-leben.org\/magazin\/lebenfreude\/nicht-jede-fahrradtour-verlaeuft-wie-geplant-der-polizist-mein-freund-und-helfer\/","og_site_name":"hier&amp;jetzt","article_published_time":"2024-05-22T13:50:37+00:00","article_modified_time":"2024-12-02T09:47:45+00:00","og_image":[{"width":1706,"height":1646,"url":"https:\/\/www.schoenes-leben.org\/magazin\/wp-content\/uploads\/2024\/05\/markus-spiske-B80FcaDLWCc-unsplash-scaled-e1716385190177.jpg","type":"image\/jpeg"}],"author":"einem passionierten Schreiber","twitter_card":"summary_large_image","twitter_misc":{"Verfasst von":"einem passionierten Schreiber","Gesch\u00e4tzte Lesezeit":"10\u00a0Minuten"},"schema":{"@context":"https:\/\/schema.org","@graph":[{"@type":"Article","@id":"https:\/\/www.schoenes-leben.org\/magazin\/lebenfreude\/nicht-jede-fahrradtour-verlaeuft-wie-geplant-der-polizist-mein-freund-und-helfer\/#article","isPartOf":{"@id":"https:\/\/www.schoenes-leben.org\/magazin\/lebenfreude\/nicht-jede-fahrradtour-verlaeuft-wie-geplant-der-polizist-mein-freund-und-helfer\/"},"author":{"name":"einem passionierten Schreiber","@id":"https:\/\/www.schoenes-leben.org\/magazin\/#\/schema\/person\/d6c299b05c17290aeb17f2f60656f95a"},"headline":"Nicht jede Fahrradtour verl\u00e4uft wie geplant: Der Polizist, mein Freund und Helfer","datePublished":"2024-05-22T13:50:37+00:00","dateModified":"2024-12-02T09:47:45+00:00","mainEntityOfPage":{"@id":"https:\/\/www.schoenes-leben.org\/magazin\/lebenfreude\/nicht-jede-fahrradtour-verlaeuft-wie-geplant-der-polizist-mein-freund-und-helfer\/"},"wordCount":4269,"image":{"@id":"https:\/\/www.schoenes-leben.org\/magazin\/lebenfreude\/nicht-jede-fahrradtour-verlaeuft-wie-geplant-der-polizist-mein-freund-und-helfer\/#primaryimage"},"thumbnailUrl":"https:\/\/www.schoenes-leben.org\/magazin\/wp-content\/uploads\/2024\/05\/markus-spiske-B80FcaDLWCc-unsplash-scaled-e1716385190177.jpg","articleSection":["Lebenfreude"],"inLanguage":"de"},{"@type":"WebPage","@id":"https:\/\/www.schoenes-leben.org\/magazin\/lebenfreude\/nicht-jede-fahrradtour-verlaeuft-wie-geplant-der-polizist-mein-freund-und-helfer\/","url":"https:\/\/www.schoenes-leben.org\/magazin\/lebenfreude\/nicht-jede-fahrradtour-verlaeuft-wie-geplant-der-polizist-mein-freund-und-helfer\/","name":"Flexibel auf Herausforderungen reagieren: Eine Alltagsgeschichte","isPartOf":{"@id":"https:\/\/www.schoenes-leben.org\/magazin\/#website"},"primaryImageOfPage":{"@id":"https:\/\/www.schoenes-leben.org\/magazin\/lebenfreude\/nicht-jede-fahrradtour-verlaeuft-wie-geplant-der-polizist-mein-freund-und-helfer\/#primaryimage"},"image":{"@id":"https:\/\/www.schoenes-leben.org\/magazin\/lebenfreude\/nicht-jede-fahrradtour-verlaeuft-wie-geplant-der-polizist-mein-freund-und-helfer\/#primaryimage"},"thumbnailUrl":"https:\/\/www.schoenes-leben.org\/magazin\/wp-content\/uploads\/2024\/05\/markus-spiske-B80FcaDLWCc-unsplash-scaled-e1716385190177.jpg","datePublished":"2024-05-22T13:50:37+00:00","dateModified":"2024-12-02T09:47:45+00:00","author":{"@id":"https:\/\/www.schoenes-leben.org\/magazin\/#\/schema\/person\/d6c299b05c17290aeb17f2f60656f95a"},"description":"Flexibilit\u00e4t \u2713 Gelassenheit \u2713 L\u00f6sungen \u2713 \u25ba Tipps bei Diebstahl und wie kleine Umwege Ihren Alltag bereichern k\u00f6nnen!","breadcrumb":{"@id":"https:\/\/www.schoenes-leben.org\/magazin\/lebenfreude\/nicht-jede-fahrradtour-verlaeuft-wie-geplant-der-polizist-mein-freund-und-helfer\/#breadcrumb"},"inLanguage":"de","potentialAction":[{"@type":"ReadAction","target":["https:\/\/www.schoenes-leben.org\/magazin\/lebenfreude\/nicht-jede-fahrradtour-verlaeuft-wie-geplant-der-polizist-mein-freund-und-helfer\/"]}]},{"@type":"ImageObject","inLanguage":"de","@id":"https:\/\/www.schoenes-leben.org\/magazin\/lebenfreude\/nicht-jede-fahrradtour-verlaeuft-wie-geplant-der-polizist-mein-freund-und-helfer\/#primaryimage","url":"https:\/\/www.schoenes-leben.org\/magazin\/wp-content\/uploads\/2024\/05\/markus-spiske-B80FcaDLWCc-unsplash-scaled-e1716385190177.jpg","contentUrl":"https:\/\/www.schoenes-leben.org\/magazin\/wp-content\/uploads\/2024\/05\/markus-spiske-B80FcaDLWCc-unsplash-scaled-e1716385190177.jpg","width":1706,"height":1646,"caption":"Display Diebstahl - was tun?"},{"@type":"BreadcrumbList","@id":"https:\/\/www.schoenes-leben.org\/magazin\/lebenfreude\/nicht-jede-fahrradtour-verlaeuft-wie-geplant-der-polizist-mein-freund-und-helfer\/#breadcrumb","itemListElement":[{"@type":"ListItem","position":1,"name":"Startseite","item":"https:\/\/www.schoenes-leben.org\/magazin\/"},{"@type":"ListItem","position":2,"name":"Nicht jede Fahrradtour verl\u00e4uft wie geplant: Der Polizist, mein Freund und Helfer"}]},{"@type":"WebSite","@id":"https:\/\/www.schoenes-leben.org\/magazin\/#website","url":"https:\/\/www.schoenes-leben.org\/magazin\/","name":"hier&amp;jetzt","description":"Das Magazin der SCH\u00d6NES LEBEN Gruppe","potentialAction":[{"@type":"SearchAction","target":{"@type":"EntryPoint","urlTemplate":"https:\/\/www.schoenes-leben.org\/magazin\/?s={search_term_string}"},"query-input":{"@type":"PropertyValueSpecification","valueRequired":true,"valueName":"search_term_string"}}],"inLanguage":"de"},{"@type":"Person","@id":"https:\/\/www.schoenes-leben.org\/magazin\/#\/schema\/person\/d6c299b05c17290aeb17f2f60656f95a","name":"einem passionierten Schreiber","image":{"@type":"ImageObject","inLanguage":"de","@id":"https:\/\/secure.gravatar.com\/avatar\/021535e5b55c37afdd3b326f6cab558c4ee08f0edb96d61f68b527f7aba8e1c2?s=96&d=mm&r=g","url":"https:\/\/secure.gravatar.com\/avatar\/021535e5b55c37afdd3b326f6cab558c4ee08f0edb96d61f68b527f7aba8e1c2?s=96&d=mm&r=g","contentUrl":"https:\/\/secure.gravatar.com\/avatar\/021535e5b55c37afdd3b326f6cab558c4ee08f0edb96d61f68b527f7aba8e1c2?s=96&d=mm&r=g","caption":"einem passionierten Schreiber"},"url":"https:\/\/www.schoenes-leben.org\/magazin\/author\/einem-passionierten-schreiber\/"}]}},"_links":{"self":[{"href":"https:\/\/www.schoenes-leben.org\/magazin\/wp-json\/wp\/v2\/posts\/240080","targetHints":{"allow":["GET"]}}],"collection":[{"href":"https:\/\/www.schoenes-leben.org\/magazin\/wp-json\/wp\/v2\/posts"}],"about":[{"href":"https:\/\/www.schoenes-leben.org\/magazin\/wp-json\/wp\/v2\/types\/post"}],"author":[{"embeddable":true,"href":"https:\/\/www.schoenes-leben.org\/magazin\/wp-json\/wp\/v2\/users\/11"}],"replies":[{"embeddable":true,"href":"https:\/\/www.schoenes-leben.org\/magazin\/wp-json\/wp\/v2\/comments?post=240080"}],"version-history":[{"count":9,"href":"https:\/\/www.schoenes-leben.org\/magazin\/wp-json\/wp\/v2\/posts\/240080\/revisions"}],"predecessor-version":[{"id":240463,"href":"https:\/\/www.schoenes-leben.org\/magazin\/wp-json\/wp\/v2\/posts\/240080\/revisions\/240463"}],"wp:featuredmedia":[{"embeddable":true,"href":"https:\/\/www.schoenes-leben.org\/magazin\/wp-json\/wp\/v2\/media\/240083"}],"wp:attachment":[{"href":"https:\/\/www.schoenes-leben.org\/magazin\/wp-json\/wp\/v2\/media?parent=240080"}],"wp:term":[{"taxonomy":"category","embeddable":true,"href":"https:\/\/www.schoenes-leben.org\/magazin\/wp-json\/wp\/v2\/categories?post=240080"},{"taxonomy":"post_tag","embeddable":true,"href":"https:\/\/www.schoenes-leben.org\/magazin\/wp-json\/wp\/v2\/tags?post=240080"}],"curies":[{"name":"wp","href":"https:\/\/api.w.org\/{rel}","templated":true}]}}